{"id":12364,"date":"2020-10-17T18:16:45","date_gmt":"2020-10-17T18:16:45","guid":{"rendered":"http:\/\/aksense.com\/info\/?p=12364"},"modified":"2020-10-05T07:37:53","modified_gmt":"2020-10-05T07:37:53","slug":"rencontre-assise-27-octobre","status":"publish","type":"post","link":"http:\/\/aksense.com\/info\/2020\/10\/17\/rencontre-assise-27-octobre\/","title":{"rendered":"Rencontre Assise 27 Octobre"},"content":{"rendered":"<p>Beno\u00eet XVI r\u00e9unit \u00e0 Assise 300 dignitaires religieux pour la paix Engag\u00e9 avec le concile Vatican II, amplifi\u00e9 par Jean Paul II, le d\u00e9bat entre catholiques, chr\u00e9tiens dautres confessions et juifs progresse. Mais la pol\u00e9mique sur le r\u00e9cent discours de Beno\u00eet XVI t\u00e9moigne dun climat de d\u00e9fiance entre lEglise et le monde musulman. Il vous est possible de trouver le support de pr\u00e9sentation du Gouvernement qui d\u00e9taille les principales \u00e9volutions du d\u00e9confinement au lien suivant :  Sources : Vatican.newsWikipedia FSSPX.Actualit\u00e9s Extraits des paroles de Jean-Paul II concernant Assise. Dates : du 21 au 23 octobre 2020. Lieu : plusieurs lieux dans Paris. Site : deeptechweek.com T\u00e9moignage dAnnabelle et Olivier, confirm\u00e9s cette ann\u00e9e. Wikipedia est une marque d\u00e9pos\u00e9e de la, organisation de bienfaisance r\u00e9gie par le paragraphe du code fiscal des \u00c9tats-Unis.&#8212;&#8212;&#8212;&#8212;&#8212;&#8212;&#8212;&#8212;&#8212;&#8212;&#8212;&#8212;&#8212;-Les irr\u00e9ductibles, qui navaient rien voulu entendre de lappel \u00e0 la tr\u00eave, comme lIRA Arm\u00e9e r\u00e9publicaine irlandaise, le Mouvement national de r\u00e9sistance mozambicain MNR, le Sentier lumineux au P\u00e9rou ont poursuivi leurs actions. Rencontre interreligieuse pour la paix en octobre \u00e0 Assise  Identifiant etou mot de passe non valides Saisissez votre adresse email pour r\u00e9cup\u00e9rer votre mot de passe. Un email contenant votre mot de passe va vous \u00eatre envoy\u00e9. Vous avez un acc\u00e8s complet 247 aux sites web des 6 magazines avec la zone exclusivement pour les abonn\u00e9s et les archives jusqu\u00e0 20 ans en arri\u00e8re Acc\u00e8s : Barri\u00e8re mobile avec acc\u00e8s commercial via Cairn Un message avec vos codes dacc\u00e8s vous a \u00e9t\u00e9 envoy\u00e9 par mail. Le public fait preuve dune attention bienveillante durant la table ronde, ouvert ou conquis \u00e0 la cause. Un des objectifs de la rencontre est certainement de pallier lignorance. Carolina, form\u00e9e dans les droits de lenfant, \u00e9tait curieuse dentendre des repr\u00e9sentants juifs et musulmans: A lONU on assiste \u00e0 un discours uniquement la\u00efque. Les religions sont souvent vues comme des ennemis et parfois la source des extr\u00e9mismes. Son compagnon est venu tisser un r\u00e9seau interreligieux: Je suis chr\u00e9tien mais \u00e9galement tr\u00e8s attir\u00e9 par un courant hindouiste. Je ne renie pas pour autant mes origines. Le jeune photographe recherche des fonds pour la construction dun espace de contemplation destin\u00e9 \u00e0 des croyants et non-croyants. La paix, une affaire de tous <img decoding=\"async\" src=\"http:\/\/depute975.e.d.f.unblog.fr\/files\/2016\/09\/img_1553.jpg\" alt=\"rencontre assise 27 octobre\" align=\"left\"> Nous faisons cela en \u00e9tant conscients de nos limites humaines et du fait que, laiss\u00e9s \u00e0 nous-m\u00eames, nous \u00e9chouerions. Cest pourquoi nous r\u00e9affirmons et nous reconnaissons que lavenir de notre vie et la paix d\u00e9pendent toujours du don que Dieu nous fait. Dans cet esprit, nous voudrions que les responsables du monde sachent que nous implorons humblement Dieu pour la paix. Mais nous leur demandons aussi de reconna\u00eetre leurs responsabilit\u00e9s et de renouveler leur engagement \u00e0 travailler avec courage et inspiration. R\u00e9f\u00e9rences compl\u00e9mentaires : Autour de la r\u00e9union dAssise, lencyclique Redemptoris Mater : <img decoding=\"async\" src=\"http:\/\/www.clarisses-a-ronchamp.fr\/offres\/image_inline_src\/313\/313_ckeditor_perso_31623_5b2c0999615c9_37.jpg\" alt=\"rencontre assise 27 octobre\" align=\"right\"> CHRONIQUES DETE Elle tourne comme \u00e7a, de Martine Laffont Mayumi Otero x Total Swarte, de Joost Swarte  6Mais la communaut\u00e9 de SantEgidio, telle quelle appara\u00eet dans la pr\u00e9sentation de lauteur et dans les mots du fondateur se veut aussi le rapporteur et le collecteur du discours globale sur la non-violence, le respect de lautre, la l\u00e9galit\u00e9 foisonnant aussi et, parfois, surtout dans le champ la\u00efque. Linscription dans une m\u00e9moire cible moins lunivers catholique que celui de la la\u00efcit\u00e9 : le choix de villes o\u00f9 les rencontres se tiennent, loin de se limiter aux lieux de la m\u00e9moire religieuse de lEurope Aix-la-Chapelle tient \u00e0 souligner une sorte de nouvelle g\u00e9ographie de la spiritualit\u00e9 europ\u00e9enne o\u00f9, \u00e0 c\u00f4t\u00e9 des villes symboliques du point de vue religieux Rome, Assise, Milan, J\u00e9rusalem, sont touch\u00e9es les villes symboles de la guerre, du conflit et de la souffrance Palerme, Bucarest passant par les villes de la paix retrouv\u00e9e Varsovie et de la r\u00e9conciliation Florence, Bruxelles. Finalement, le mouvement se veut le promoteur dun positionnement du religieux dans la soci\u00e9t\u00e9 contemporaine qui en fait linstrument principal pour une interpr\u00e9tation des souffrances, ainsi que pour un engagement radical pour la r\u00e9alisation des d\u00e9sirs de paix et de r\u00e9conciliation. <img decoding=\"async\" src=\"http:\/\/www.fnaas.fr\/wp-content\/uploads\/2018\/03\/20180322_151515.jpg\" alt=\"rencontre assise 27 octobre\" align=\"right\">.<\/p>\n","protected":false},"excerpt":{"rendered":"<p>rencontre assise 27 octobre<\/p>\n","protected":false},"author":1,"featured_media":0,"comment_status":"closed","ping_status":"closed","sticky":false,"template":"","format":"standard","meta":{"footnotes":""},"categories":[1],"tags":[],"_links":{"self":[{"href":"http:\/\/aksense.com\/info\/wp-json\/wp\/v2\/posts\/12364"}],"collection":[{"href":"http:\/\/aksense.com\/info\/wp-json\/wp\/v2\/posts"}],"about":[{"href":"http:\/\/aksense.com\/info\/wp-json\/wp\/v2\/types\/post"}],"author":[{"embeddable":true,"href":"http:\/\/aksense.com\/info\/wp-json\/wp\/v2\/users\/1"}],"replies":[{"embeddable":true,"href":"http:\/\/aksense.com\/info\/wp-json\/wp\/v2\/comments?post=12364"}],"version-history":[{"count":1,"href":"http:\/\/aksense.com\/info\/wp-json\/wp\/v2\/posts\/12364\/revisions"}],"predecessor-version":[{"id":12365,"href":"http:\/\/aksense.com\/info\/wp-json\/wp\/v2\/posts\/12364\/revisions\/12365"}],"wp:attachment":[{"href":"http:\/\/aksense.com\/info\/wp-json\/wp\/v2\/media?parent=12364"}],"wp:term":[{"taxonomy":"category","embeddable":true,"href":"http:\/\/aksense.com\/info\/wp-json\/wp\/v2\/categories?post=12364"},{"taxonomy":"post_tag","embeddable":true,"href":"http:\/\/aksense.com\/info\/wp-json\/wp\/v2\/tags?post=12364"}],"curies":[{"name":"wp","href":"https:\/\/api.w.org\/{rel}","templated":true}]}}