{"id":12692,"date":"2020-10-17T20:42:01","date_gmt":"2020-10-17T20:42:01","guid":{"rendered":"http:\/\/aksense.com\/info\/?p=12692"},"modified":"2020-10-05T17:33:38","modified_gmt":"2020-10-05T17:33:38","slug":"1er-anniversaire-de-rencontre-poeme","status":"publish","type":"post","link":"http:\/\/aksense.com\/info\/2020\/10\/17\/1er-anniversaire-de-rencontre-poeme\/","title":{"rendered":"1er Anniversaire De Rencontre Poeme"},"content":{"rendered":"<p>Grand T\u00e9moin Interrog\u00e9 par Louis Daufresne, le p\u00e8re Pierre Vivar\u00e8s revient sur laffaire Vigan\u00f2 et les scandales de p\u00e9dophilie qui secouent lEglise. Vieillir cest encore le seul moyen quon ait trouv\u00e9 de vivre longtemps. <img decoding=\"async\" src=\"http:\/\/v.seloger.com\/s\/width\/400\/visuels\/1\/g\/8\/w\/1g8w6j0v1xkjuhkm57k7o237kjms1p6j3dgbi7kta.jpg\" alt=\"1er anniversaire de rencontre poeme\" align=\"right\"> Pour ton anniversaire, ma ch\u00e9rie, je ne peux rien demander de mieux \u00e0 la vie que de continuer \u00e0 la partager avec toi..Partager les joies et parfois les peines, afin de multiplier par deux les premi\u00e8res et de r\u00e9duire de moiti\u00e9 les deuxi\u00e8mes.. Joyeux anniversaire! LAustralie est-elle en train de vivre un tournant religieux? Jean-Pierre Denis, Victor Loupan et Rebecca Pinheiro-Croisel donnent leur \u00e9clairage sur lactualit\u00e9 de la semaine. Au sommaire : les \u00e9lections italiennes, les 5 ans de pontificat du pape Fran\u00e7ois, la Cor\u00e9e du Nord et la politique p\u00e9nale dEmmanuel Macron. \u03a0\u03b1\u03c1\u03b1\u03b4\u03bf\u03c3\u03b9\u03b1\u03ba\u03ae \u03c3\u03ac\u03bb\u03c4\u03c3\u03b1 \u03b1\u03c0\u03cc \u03c6\u03c1\u03ad\u03c3\u03ba\u03b9\u03b1 \u03c4\u03bf\u03bc\u03ac\u03c4\u03b1 \u03ba\u03b1\u03b9 \u03bc\u03bf\u03c3\u03c7\u03b1\u03c1\u03af\u03c3\u03b9\u03bf \u03ba\u03b9\u03bc\u03ac En novembre 2012, \u00e0 loccasion du jubil\u00e9 de Notre-Dame de Paris 850 ans, Louis Daufresne recevait le p\u00e8re Yves Combeau pour \u00e9voquer lhistoire de la cath\u00e9drale. Did you know? Lorigine de la chanson Happy birthday to you est tr\u00e8s disput\u00e9e, mais lhypoth\u00e8se la plus credible est que lair soit inspir\u00e9 de Good morning to all, une chanson attribu\u00e9e aux s\u0153urs Patty et Mildred J.Hill compos\u00e9e en 1893. LEXIQUE DE LANNIVERSAIRE EN ANGLAIS \u03c0\u03b5\u03c4\u03c1\u03b9\u03bd\u03bf\u03c2 \u03c0\u03c5\u03c1\u03b3\u03bf\u03c2 \u03b2\u03b1\u03bb\u03c4\u03b5\u03c3\u03b9\u03bd\u03b9\u03ba\u03bf \u03c4\u03b9\u03bc\u03b5\u03c2 1.27 \u03c6\u03c9\u03bd\u03b7\u03c4\u03b9\u03ba\u03b5\u03c2 \u03c7\u03bf\u03c1\u03b4\u03b5\u03c2 \u03b1\u03bd\u03b1\u03c4\u03bf\u03bc\u03b9\u03b1 1 La contrainte \u00e9cologique est le sujet qui marquera lhistoire, a soulign\u00e9 Mgr de Moulins-Beaufort dans son message douverture de lAssembl\u00e9e pl\u00e9ni\u00e8re des \u00e9v\u00eaques \u00e0 Lourdes. Durant pr\u00e8s deux jours, deux la\u00efcs de chaque dioc\u00e8se et leurs \u00e9v\u00eaques ont en effet r\u00e9fl\u00e9chi \u00e0 cet enjeu. Reportage de Camille Meyer. Deux cents chanteurs, cent paroisses et plus de 90 000 vues sur Youtube. B\u00e9n\u00e9diction France a uni les voix d\u00e9glises et de communaut\u00e9s fran\u00e7aises pour b\u00e9nir la France \u00e0 la Pentec\u00f4te. Dans leuphorie qui suivra la lecture de cette invitation, <img decoding=\"async\" src=\"http:\/\/www.stasjh.tk\/18271-thickbox_default\/new-collection-adjustable-metal-ring-set-with-rose-gold-color-rhinestones-75676.jpg\" alt=\"1er anniversaire de rencontre poeme\" align=\"left\"> Le mus\u00e9e du Quai Branly vient dannoncer quil avait pr\u00e9empt\u00e9 un tableau mexicain en mosa\u00efque de plumes intitul\u00e9 Le Christ bon pasteur et deux sc\u00e8nes de la vie de Saint Jean-Baptiste.   <img decoding=\"async\" src=\"http:\/\/resize2-parismatch.ladmedia.fr\/img\/var\/news\/storage\/images\/paris-match\/royal-blog\/royaume-uni\/quand-le-prince-george-rencontre-les-obama-en-pyjama-953152\/13518676-1-fre-FR\/Quand-le-prince-George-rencontre-les-Obama-en-pyjama.jpg\" alt=\"1er anniversaire de rencontre poeme\" align=\"center\">  Ce joli dimanche du mois de Mai dans notre pays des merveilles Ca fait maintenant 15 ans que je vis \u00e0 tes cot\u00e9s. Pendant ces 15 ann\u00e9es, nous avons v\u00e9cu des moments magiques, magnifiques. Nos deux petits dr\u00f4les; moiti\u00e9 toi, moiti\u00e9 moi; sont le reflet de cet amour. Amour \u00e0 entretenir au quotidien comme sil atait neuf et comme sil sarretait demain. Quel honneur pour moi de me r\u00e9veiller \u00e0 tes cot\u00e9s tous les matins et quelle chance davoir des projets communs et de construire notre bonheur sur la base de lamour et de la confiance. Parce que je sais que nos coeurs battent au rythme du souffle de nos enfants, la certitude de mon amour pour toi est sans \u00e9quivauque. Je taime ad infinitum mon Doudouni. \u0395\u03ac\u03bd \u03c0\u03b1\u03c1\u03bf\u03c5\u03c3\u03b9\u03ac\u03c3\u03b5\u03c4\u03b5 \u03b1\u03bb\u03bb\u03b5\u03c1\u03b3\u03b9\u03ba\u03ae \u03b1\u03bd\u03c4\u03af\u03b4\u03c1\u03b1\u03c3\u03b7, \u03c3\u03c5\u03bc\u03b2\u03bf\u03c5\u03bb\u03b5\u03c5\u03c4\u03b5\u03af\u03c4\u03b5 \u03c4\u03bf \u03b3\u03b9\u03b1\u03c4\u03c1\u03cc \u03c3\u03b1\u03c2 \u03c7\u03c9\u03c1\u03af\u03c2 \u03bd\u03b1 \u03c7\u03ac\u03c3\u03b5\u03c4\u03b5 \u03ba\u03b1\u03b9\u03c1\u03cc. \u0398\u03b1 \u03c8\u03ac\u03be\u03b5\u03b9 \u03ba\u03b1\u03b9 \u03b8\u03b1 \u03c4\u03b1\u03c5\u03c4\u03bf\u03c0\u03bf\u03b9\u03ae\u03c3\u03b5\u03b9 \u03c4\u03bf \u03c3\u03c5\u03c3\u03c4\u03b1\u03c4\u03b9\u03ba\u03cc \u03c3\u03c4\u03bf \u03bf\u03c0\u03bf\u03af\u03bf \u03b1\u03bd\u03c4\u03b9\u03b4\u03c1\u03ac \u03c4\u03bf \u03b4\u03ad\u03c1\u03bc\u03b1 \u03c3\u03b1\u03c2 \u03ba\u03ac\u03bd\u03bf\u03bd\u03c4\u03b1\u03c2 \u03c4\u03b1 \u03b1\u03c0\u03b1\u03c1\u03b1\u03af\u03c4\u03b7\u03c4\u03b1 \u03b1\u03bb\u03bb\u03b5\u03c1\u03b3\u03b9\u03bf\u03bb\u03bf\u03b3\u03b9\u03ba\u03ac \u03c4\u03b5\u03c3\u03c4. Pour lanniversaire de votre enfant, d\u00e9couvrez ces.. Ecoute dans la nuit Jocelyne Tarneaud parle des premiers rois dIsra\u00ebl, choisis par Dieu mais pourtant bien p\u00eacheurs. Embeddoc urlhttps:www.valdereuil.frwp-contentuploads2013032013poemesMediateque.pdf width100 downloadall viewergoogle Lecture de po\u00e8mes \u00e0 la Mairie et \u00e0 la Gare.<\/p>\n","protected":false},"excerpt":{"rendered":"<p>1er anniversaire de rencontre poeme<\/p>\n","protected":false},"author":1,"featured_media":0,"comment_status":"closed","ping_status":"closed","sticky":false,"template":"","format":"standard","meta":{"footnotes":""},"categories":[1],"tags":[],"_links":{"self":[{"href":"http:\/\/aksense.com\/info\/wp-json\/wp\/v2\/posts\/12692"}],"collection":[{"href":"http:\/\/aksense.com\/info\/wp-json\/wp\/v2\/posts"}],"about":[{"href":"http:\/\/aksense.com\/info\/wp-json\/wp\/v2\/types\/post"}],"author":[{"embeddable":true,"href":"http:\/\/aksense.com\/info\/wp-json\/wp\/v2\/users\/1"}],"replies":[{"embeddable":true,"href":"http:\/\/aksense.com\/info\/wp-json\/wp\/v2\/comments?post=12692"}],"version-history":[{"count":1,"href":"http:\/\/aksense.com\/info\/wp-json\/wp\/v2\/posts\/12692\/revisions"}],"predecessor-version":[{"id":12693,"href":"http:\/\/aksense.com\/info\/wp-json\/wp\/v2\/posts\/12692\/revisions\/12693"}],"wp:attachment":[{"href":"http:\/\/aksense.com\/info\/wp-json\/wp\/v2\/media?parent=12692"}],"wp:term":[{"taxonomy":"category","embeddable":true,"href":"http:\/\/aksense.com\/info\/wp-json\/wp\/v2\/categories?post=12692"},{"taxonomy":"post_tag","embeddable":true,"href":"http:\/\/aksense.com\/info\/wp-json\/wp\/v2\/tags?post=12692"}],"curies":[{"name":"wp","href":"https:\/\/api.w.org\/{rel}","templated":true}]}}