{"id":12924,"date":"2020-10-18T01:21:05","date_gmt":"2020-10-18T01:21:05","guid":{"rendered":"http:\/\/aksense.com\/info\/?p=12924"},"modified":"2020-10-06T01:17:01","modified_gmt":"2020-10-06T01:17:01","slug":"rencontre-entre-valerie-trierweiler-et-francois-hollande","status":"publish","type":"post","link":"http:\/\/aksense.com\/info\/2020\/10\/18\/rencontre-entre-valerie-trierweiler-et-francois-hollande\/","title":{"rendered":"Rencontre Entre Val\u00e9rie Trierweiler Et Francois Hollande"},"content":{"rendered":"<p>Https:www.capital.freconomie-politiquevisite-a-cuba-remplie-de-symboles-pour-francois-hollande-1038042 Publi\u00e9 le 16092014 \u00e0 17:59 Mis \u00e0 jour le 16092014 \u00e0 17:59 Le passager dun avion de Delta frappe un enfant bruyant Fran\u00e7ois Hollande : Nous devrions envoyer un communiqu\u00e9 commun. Val\u00e9rie Trierweiler, la femme de la vie de Fran\u00e7ois Hollande  Vous b\u00e9n\u00e9ficiez dun droit dacc\u00e8s et de rectification de vos donn\u00e9es personnelles, ainsi que celui den demander leffacement dans les limites pr\u00e9vues par la loi.  Closer sappr\u00eate \u00e0 assigner Val\u00e9rie Trierweiler en justice parce quelle \u00e9crit dans son livre avoir rencontr\u00e9 Fran\u00e7ois Hollande apr\u00e8s leur rupture, alors quelle a fait condamner le magazine people pour avoir rapport\u00e9 ces rencontres, a-t-on appris ce mardi. <img decoding=\"async\" src=\"http:\/\/www.linternaute.com\/actualite\/politique\/couples-politiques\/image\/francois-hollande-valerie-trierweiler-1314769.jpg\" alt=\"rencontre entre val\u00e9rie trierweiler et francois hollande\" align=\"left\"> AmoMama cr\u00e9e du contenu attractif et plein de sens pour les femmes. <img decoding=\"async\" src=\"http:\/\/static1.terrafemina.com\/articles\/2\/57\/39\/2\/@\/53762-qui-est-valerie-trierweiler-la-femme-dans-la-vie-de-francois-hollande-622x0-1.jpg\" alt=\"rencontre entre val\u00e9rie trierweiler et francois hollande\" align=\"center\"> Le 18 octobre 2012, lors dun d\u00e9placement pour la fondation Danielle Mitterrand \u00e0, elle d\u00e9clare finalement assumer le r\u00f4le de Premi\u00e8re dame, reconnaissant avoir auparavant t\u00e2tonn\u00e9 : On ne devient pas comme \u00e7a Premi\u00e8re dame du jour au lendemain, mais j\u00e9prouve maintenant une grande joie \u00e0 faire ce genre de choses et je continuerai. Alors quelle visite une \u00e9cole fran\u00e7aise \u00e0 loccasion du voyage diplomatique de Fran\u00e7ois Hollande en Alg\u00e9rie, elle d\u00e9clare \u00e0 des enfants \u00e0 propos de son r\u00f4le : \u00c7a fait tr\u00e8s peur, au d\u00e9but. On ne sait pas ce quil faut faire. Ensuite, on apprend, comme vous \u00e0 l\u00e9cole. En ao\u00fbt 2013, elle d\u00e9clare \u00e0 loccasion dun d\u00e9placement \u00e0 avec des enfants d\u00e9favoris\u00e9s : Je crois quaujourdhui je me sens bien dans mon r\u00f4le. Val\u00e9rie Trieweile \u00e0 sa sortie dun h\u00f4pital le 27 janvier 2014 \u00e0 Bombay Happy birthday! Ce 22 septembre 2013, S\u00e9gol\u00e8ne Royal f\u00eate son 60e anniversaire. Retour, en photos, sur la vie mouvement\u00e9e dune femme politique indompt\u00e9e Album. Fran\u00e7ois Hollande sest rendu au chevet de Val\u00e9rie Trierweiler Constance Vergara, Val\u00e9rie, Carla, C\u00e9cilia, Bernadette et les autres, en campagne, Paris,, 2013 Les Le\u00e7ons du pouvoir, en librairies le 11 avril 2018. Laurent Beccaria parle enfin. Deux mois jour pour jour apr\u00e8s la sortie de Merci pour ce moment, le patron des Ar\u00e8nes raconte les coulisses du tsunami politico-\u00e9ditorial qui a fait vaciller Fran\u00e7ois Hollande. Il en profite pour r\u00e9gler quelques comptes avec les m\u00e9dias. Lancien pr\u00e9sident de la R\u00e9publique plaide pour un rapatriement de tous les orphelins fran\u00e7ais recens\u00e9s en Syrie et.. Publi\u00e9 le 07052019  <img decoding=\"async\" src=\"http:\/\/www.atlantico.fr\/sites\/atlantico.fr\/files\/styles\/presse\/public\/images\/2014\/04\/gala_140.jpg\" alt=\"rencontre entre val\u00e9rie trierweiler et francois hollande\" align=\"left\">.<\/p>\n","protected":false},"excerpt":{"rendered":"<p>rencontre entre val\u00e9rie trierweiler et francois hollande<\/p>\n","protected":false},"author":1,"featured_media":0,"comment_status":"closed","ping_status":"closed","sticky":false,"template":"","format":"standard","meta":{"footnotes":""},"categories":[1],"tags":[],"_links":{"self":[{"href":"http:\/\/aksense.com\/info\/wp-json\/wp\/v2\/posts\/12924"}],"collection":[{"href":"http:\/\/aksense.com\/info\/wp-json\/wp\/v2\/posts"}],"about":[{"href":"http:\/\/aksense.com\/info\/wp-json\/wp\/v2\/types\/post"}],"author":[{"embeddable":true,"href":"http:\/\/aksense.com\/info\/wp-json\/wp\/v2\/users\/1"}],"replies":[{"embeddable":true,"href":"http:\/\/aksense.com\/info\/wp-json\/wp\/v2\/comments?post=12924"}],"version-history":[{"count":1,"href":"http:\/\/aksense.com\/info\/wp-json\/wp\/v2\/posts\/12924\/revisions"}],"predecessor-version":[{"id":12925,"href":"http:\/\/aksense.com\/info\/wp-json\/wp\/v2\/posts\/12924\/revisions\/12925"}],"wp:attachment":[{"href":"http:\/\/aksense.com\/info\/wp-json\/wp\/v2\/media?parent=12924"}],"wp:term":[{"taxonomy":"category","embeddable":true,"href":"http:\/\/aksense.com\/info\/wp-json\/wp\/v2\/categories?post=12924"},{"taxonomy":"post_tag","embeddable":true,"href":"http:\/\/aksense.com\/info\/wp-json\/wp\/v2\/tags?post=12924"}],"curies":[{"name":"wp","href":"https:\/\/api.w.org\/{rel}","templated":true}]}}