{"id":13170,"date":"2020-10-18T16:37:47","date_gmt":"2020-10-18T16:37:47","guid":{"rendered":"http:\/\/aksense.com\/info\/?p=13170"},"modified":"2020-10-06T09:08:36","modified_gmt":"2020-10-06T09:08:36","slug":"rencontres-savoirs-cdi-rennes","status":"publish","type":"post","link":"http:\/\/aksense.com\/info\/2020\/10\/18\/rencontres-savoirs-cdi-rennes\/","title":{"rendered":"Rencontres Savoirs Cdi Rennes"},"content":{"rendered":"<p>11 d\u00e9cembre 2013 : Laboratoire Logiques de lAgir, Universit\u00e9 de Franche-Comt\u00e9, Besan\u00e7on : conf\u00e9rence dAlexandre Serres sur L\u00e9valuation de linformation sur internet : une question politique? ; Page mise \u00e0 jour en 2017 Ajout\u00e9 le : 14 septembre 2003-Mis \u00e0 jour le 7 avril 2018 Alexandre Serres. Un exemple de translitt\u00e9ratie : l\u00e9valuation de linformation. E-dossiers de laudiovisuel, INA, 2012, L\u00e9ducation aux cultures de linformation, 11 p. Charbonnier, Jean-Louis. Culture de linformation-documentation : permanences et changements dans la transition du lyc\u00e9e \u00e0 lUniversit\u00e9. In Acad\u00e9mie dOrl\u00e9ans, Colloque De la culture informationnelle aux comp\u00e9tences documentaires des \u00e9l\u00e8ves, Blois, 29 mai 2009 Disp. Sur : <img decoding=\"async\" src=\"http:\/\/adherents.april.org\/dtcphotos\/cict.png\" alt=\"rencontres savoirs cdi rennes\" align=\"center\"> Unit\u00e9 R\u00e9gionale de Formation \u00e0 l Information Scientifique et Technique de lURFIST de Bretagne et des Pays de la Loire L. Deuff, 2008-1 Le Deuff, Olivier. Le Ka documentaris\u00e9 et la culture de linformation. Disp and. Sur, Formations documentaires \u00e0 luniversit\u00e9. Texte dintroduction \u00e0 latelier 4B, Colloque international de lERT\u00e9 Culture informationnelle et curriculum documentaire, L\u00e9ducation \u00e0 la culture informationnelle Disp. Sur : http:ertecolloque.files.wordpress.com01presentation_atelier-4b.doc-Serres, 2008-2 Serres Alexandre. Educations aux m\u00e9dias, \u00e0 linformation et aux TIC : ce qui nous unit est ce qui nous s\u00e9pare, Colloque international de lERT\u00e9 Culture informationnelle et curriculum documentaire, L\u00e9ducation \u00e0 la culture informationnelle, Lille, 16-17-18 octobre Intervention \u00e0 la table ronde Acteurs et territoires de l\u00e9ducation \u00e0 linformation Disp. Sur : http:ertecolloque.files.wordpress.com Savoirs et information-documentation, doc-Serres Ma\u00eetrise de linformation \u00e0 luniversit\u00e9 : le chantier didactique Astolfi, Jean Pierre et Houssaye Jean dir. Colloques Savoirs et Histoires Savoirs et acteurs de la formation Penser l\u00e9ducation, n hors-s\u00e9rie, pp. 16-17, 2006 D. Duplessis and P., Emergence dune didactique de linformationdocumentation. Origine, premiers acquis, enjeux et perspectives : Un \u00e9tat des lieux de la didactisation des concepts info-documentaires. M\u00e9diadoc, mars, \u00c9ducation \u00e0 linformation et \u00e9ducation aux m\u00e9dias : cousines ou voisines?, M\u00e9diadoc, pp. 19-28, 2006. D\u00e9finir une largeur convenable 450 pixels conviennent pour une image \u00e0 transf\u00e9rer vers e-sidoc ; la hauteur sera calcul\u00e9e automatiquement ;  \u039f\u03bb\u03bf\u03ba\u03bb\u03b7\u03c1\u03ce\u03b8\u03b7\u03ba\u03b5 \u03c4\u03bf 4\u03bf live \u03b3\u03b9\u03b1 \u03c4\u03bf Your Face Sounds Familiar 3 \u03bc\u03b5 \u03bd\u03b9\u03ba\u03b7\u03c4\u03ae \u03c4\u03bf\u03bd \u03bc\u03b5 \u03c4\u03bf You are my destiny. Entr\u00e9e dans le groupe en 2000, Audrey QUINTARD occupait une fonction dassistante RH et formation. Cest en 2012 quAudrey \u00e9volue Toujours sur le site Documentation de lacad\u00e9mie de Limoges, publi\u00e9 en juin 2007, un r\u00e9f\u00e9rentiel de comp\u00e9tences info-documentaires \u00e9labor\u00e9 par le groupe acad\u00e9mique Etre documentaliste en LP. Pr\u00e9sent\u00e9 ainsi : Outil pour lorganisation dinterventions p\u00e9dagogiques et pour la construction de progressions dans le contexte sp\u00e9cifique du lyc\u00e9e professionnel. 14 juin 2012 : Journ\u00e9e d\u00e9tude URFIST de Bordeaux M\u00e9diaquitaine, Biblioth\u00e8ques et Chercheurs en Sciences Humaines et Sociales, Bordeaux ; intervention de Marie-Laure Malingre et Christophe Berthelot SCD Rennes 2,. <img decoding=\"async\" src=\"http:\/\/www.maisondesjournalistes.org\/wp-content\/uploads\/2015\/11\/romaric1.jpg\" alt=\"rencontres savoirs cdi rennes\" align=\"right\">   Alexandre Serres, Ivana Ballarini-Santonocito, Gildas Dimier, Pascal Duplessis, Ang\u00e8le Stalder, et al. Projet de socle commun de connaissances, de comp\u00e9tences et de culture : propositions du GRCDI pour une formation \u00e0 la culture de linformation 2014. <img decoding=\"async\" src=\"http:\/\/blog.tice-corse.fr\/wp-content\/uploads\/2011\/01\/mzl.uvmhrbge.480x480-75.jpg\" alt=\"rencontres savoirs cdi rennes\" align=\"center\"> Information Covid 19 : Pour garantir la s\u00e9curit\u00e9 des intervenantes, des enfants et de leurs familles, nous mettrons \u00e0 la disposition des salari\u00e9s des masques et du gel hydroalcoolique.<\/p>\n","protected":false},"excerpt":{"rendered":"<p>rencontres savoirs cdi rennes<\/p>\n","protected":false},"author":1,"featured_media":0,"comment_status":"closed","ping_status":"closed","sticky":false,"template":"","format":"standard","meta":{"footnotes":""},"categories":[1],"tags":[],"_links":{"self":[{"href":"http:\/\/aksense.com\/info\/wp-json\/wp\/v2\/posts\/13170"}],"collection":[{"href":"http:\/\/aksense.com\/info\/wp-json\/wp\/v2\/posts"}],"about":[{"href":"http:\/\/aksense.com\/info\/wp-json\/wp\/v2\/types\/post"}],"author":[{"embeddable":true,"href":"http:\/\/aksense.com\/info\/wp-json\/wp\/v2\/users\/1"}],"replies":[{"embeddable":true,"href":"http:\/\/aksense.com\/info\/wp-json\/wp\/v2\/comments?post=13170"}],"version-history":[{"count":1,"href":"http:\/\/aksense.com\/info\/wp-json\/wp\/v2\/posts\/13170\/revisions"}],"predecessor-version":[{"id":13171,"href":"http:\/\/aksense.com\/info\/wp-json\/wp\/v2\/posts\/13170\/revisions\/13171"}],"wp:attachment":[{"href":"http:\/\/aksense.com\/info\/wp-json\/wp\/v2\/media?parent=13170"}],"wp:term":[{"taxonomy":"category","embeddable":true,"href":"http:\/\/aksense.com\/info\/wp-json\/wp\/v2\/categories?post=13170"},{"taxonomy":"post_tag","embeddable":true,"href":"http:\/\/aksense.com\/info\/wp-json\/wp\/v2\/tags?post=13170"}],"curies":[{"name":"wp","href":"https:\/\/api.w.org\/{rel}","templated":true}]}}