{"id":13274,"date":"2020-10-18T05:58:27","date_gmt":"2020-10-18T05:58:27","guid":{"rendered":"http:\/\/aksense.com\/info\/?p=13274"},"modified":"2020-10-06T12:05:32","modified_gmt":"2020-10-06T12:05:32","slug":"eco-rencontres-tarare","status":"publish","type":"post","link":"http:\/\/aksense.com\/info\/2020\/10\/18\/eco-rencontres-tarare\/","title":{"rendered":"Eco Rencontres Tarare"},"content":{"rendered":"<p>Journ\u00e9es Portes Ouvertes VEDITEX les 20 et 21 novembre  Vous aurez la possibilit\u00e9 de progresser lentement mais s\u00fbrement, en douceur. Vous obtiendrez un feu vert pour r\u00e9aliser vos grands projets de cr\u00e9ation. Nacceptez plus ce qui ne vous convient plus. Banalisez l\u00e9v\u00e9nement qui vous agace. Une bonne organisation sera obligatoire. \u03a3\u03cd\u03bd\u03c4\u03b1\u03be\u03b7 \u03b5\u03c0\u03b9\u03c7\u03b5\u03b9\u03c1\u03b7\u03bc\u03b1\u03c4\u03b9\u03ba\u03bf\u03cd \u03c3\u03c7\u03b5\u03b4\u03af\u03bf\u03c5 \u0397 \u03b1\u03c0\u03ac\u03bd\u03c4\u03b7\u03c3\u03b7 \u03c4\u03b7\u03c2 \u03b4\u03b5\u03ba\u03b1\u03bf\u03c7\u03c4\u03ac\u03c7\u03c1\u03bf\u03bd\u03b7\u03c2, \u03c4\u03cc\u03c4\u03b5 \u0396\u03c9\u03ae\u03c2 \u039a\u03c9\u03bd\u03c3\u03c4\u03b1\u03bd\u03c4\u03bf\u03c0\u03bf\u03cd\u03bb\u03bf\u03c5 \u03c3\u03c4\u03b7\u03bd \u03b5\u03c1\u03ce\u03c4\u03b7\u03c3\u03b7: \u03a0\u03ce\u03c2 \u03b8\u03ad\u03bb\u03b5\u03b9\u03c2 \u03c4\u03bf\u03bd \u03c0\u03bf\u03bb\u03b9\u03c4\u03b9\u03ba\u03cc \u03c0\u03bf\u03c5 \u03b8\u03b1 \u03ba\u03c5\u03b2\u03b5\u03c1\u03bd\u03ae\u03c3\u03b5\u03b9 \u03b1\u03cd\u03c1\u03b9\u03bf; \u0395\u03af\u03c0\u03b5: \u0394\u03b5\u03bd \u03b8\u03ad\u03bb\u03c9 \u03ad\u03bd\u03b1\u03bd \u03c0\u03bf\u03bb\u03b9\u03c4\u03b9\u03ba\u03cc \u03bd\u03b1 \u03bc\u03b5 \u03ba\u03c5\u03b2\u03b5\u03c1\u03bd\u03ae\u03c3\u03b5\u03b9. \u0398\u03ad\u03bb\u03c9 \u03bc\u03b1\u03b6\u03af \u03bc\u03b5 \u03ac\u03bb\u03bb\u03bf\u03c5\u03c2 \u03b1\u03bd\u03b8\u03c1\u03ce\u03c0\u03bf\u03c5\u03c2 \u03bd\u03b1 \u03c3\u03c5\u03bc\u03b2\u03ac\u03bb\u03c9 \u03c3\u03c4\u03b7 \u03b4\u03b9\u03b1\u03ba\u03c5\u03b2\u03ad\u03c1\u03bd\u03b7\u03c3\u03b7. <img decoding=\"async\" src=\"http:\/\/www.systecovn.tk\/files\/dates\/thumbs\/visuel-fgo-barbara-programmation-concert-mai-2018.jpg\" alt=\"eco rencontres tarare\" align=\"left\"> En continuant votre navigation sur notre site, vous vous engagez \u00e0 accepter lutilisation des cookies. Comment allier e\u0301co-conception et performance des produits? Raffaele DUBY, Responsable De\u0301veloppement Durable pour lOffre et la Conception-Decathlon Bien que vous serez particuli\u00e8rement calme, d\u00e9tendu et serein, pensez \u00e0 vous m\u00e9nager. Prenez la d\u00e9cision de prendre mieux soin de vous. Il faut dire que les r\u00e9sultats seront bons et que les nouvelles vous r\u00e9jouiront, les recherches aboutiront, les besoins seront combl\u00e9s, par votre action, par votre volont\u00e9. Vous obtiendrez! Vous allez vous sentir rafra\u00eechi, plus \u00e9nergique et avec des id\u00e9es plus claires. Vous cr\u00e9erez de nouvelles id\u00e9es positives! Intuition et inspiration. Limportant ici sera daller au bout des choses pour que vos id\u00e9es deviennent r\u00e9alit\u00e9. On r\u00e9colte ce que lon s\u00e8me. Vous recevrez une heureuse  LES RENCONTRES BREF ECO DE LENTREPRISE RESPONSABLE Le Mouvement Emma\u00fcs compte aujourdhui 58 SOS Familles Emma\u00fcs. Uniquement compos\u00e9s de b\u00e9n\u00e9voles, ils soutiennent les m\u00e9nages en situation de pr\u00e9carit\u00e9 financi\u00e8re en les conseillant sur la gestion du budget familial et en leur apportant une aide financi\u00e8re remboursable, sans frais ni int\u00e9r\u00eat. Ils agissent en lien direct avec les services sociaux, qui leur adressent les personnes en situation de mal-endettement, et pr\u00e9viennent ainsi les risques de surendettement. <img decoding=\"async\" src=\"http:\/\/www.note.anglersacademy.org\/media\/02\/01\/1030648325.jpg\" alt=\"eco rencontres tarare\" align=\"center\"> Pierre Danthez Les Femmes de lEconomie et Claire Bleton-Martin ESSSE Ann\u00e9e lumi\u00e8re Vous allez vous sentir particuli\u00e8rement bien et cela se lira sur votre visage. Vous serez particuli\u00e8rement magn\u00e9tique et sensuel! Il ny a pas besoin de jouer aux devinettes ou de se poser des questions quand nous rencontrons l\u00e2me s\u0153ur. \u00c0 linstant o\u00f9 vous voulez, intens\u00e9ment, votre d\u00e9sir est en route vers son aboutissement. Accomplissez ce qui vous plait, qui vous fait plaisir, ce qui vous charme. Cela vous donnera une forme splendide! Prenez tout, cest un cadeau de lUnivers! Il ny a pas derreur possible. La bonne route passe toujours par une Depuis les r\u00e9sultats du bac 2017, le minist\u00e8re communique dor\u00e9navant le taux de mentions parmi les 170 \u00e9l\u00e8ves pr\u00e9sent\u00e9s par le Lyc\u00e9e Ren\u00e9 Cassin \u00e0 lexamen : 56 en S\u00e9ries g\u00e9n\u00e9rales et technologiques GT, mais aussi son taux attendu et donc sa Valeur ajout\u00e9e par rapport \u00e0 cet indicateur.  Effectif 100 \u00e9l\u00e8ves Taux de r\u00e9ussite au Bac du Lyc\u00e9e Ren\u00e9 Cassin Vous nappr\u00e9cierez gu\u00e8re les compromis et appara\u00eetrez comme un adepte des confrontations directes, que ce soit dans votre vie sentimentale comme professionnelle. En 2019, 81 des \u00e9tudiants pr\u00e9sents en seconde dans le Lyc\u00e9e Ren\u00e9 Cassin ont obtenu leur Bac dans ce m\u00eame lyc\u00e9e. Alors que pour ce type de Lyc\u00e9e le taux attendu dacc\u00e8s de la seconde au Bac \u00e9tait de 85, la Valeur ajout\u00e9e du Lyc\u00e9e Ren\u00e9 Cassin sur lacc\u00e8s au Bac de ses \u00e9l\u00e8ves est donc n\u00e9gative-4. <img decoding=\"async\" src=\"http:\/\/www.explore.familysearchparty.com\/wp-content\/uploads\/2017\/11\/Suisse-2018-maillot-officiel-coupe-du-monde-2018.jpg\" alt=\"eco rencontres tarare\" align=\"left\"> Deux ans apr\u00e8s les travaux de la feuille de route pour l\u00e9conomie circulaire, lann\u00e9e 2019 a \u00e9t\u00e9 ponctu\u00e9e par le lancement par le gouvernement du projet de loi anti-gaspillage pour une \u00e9conomie circulaire afin dengager la France sur la voie dune consommation plus sobre et responsable, \u00e9conome en ressources et visant linstallation dune \u00e9conomie circulaire sur les territoires mobilisant lensemble des acteurs. Ce projet sinscrit dans un cadre europ\u00e9en renforc\u00e9 et pr\u00e9cis\u00e9 en 2018, par ladoption des directives concernant le Paquet \u00e9conomie circulaire, et compl\u00e9t\u00e9 en 2019 par ladoption de la directive SUP relative \u00e0 lincidence de certains produits en plastique sur lenvironnement. Date limite de r\u00e9servation : 03 f\u00e9vrier 2020. Lieusite internet pour la r\u00e9servationlinscription : mptdes2mures.com. Source des donn\u00e9es et m\u00e9thodo. Lensemble de ces donn\u00e9es statistiques proviennent exclusivement du. Seuls les classements national, r\u00e9gional, d\u00e9partemental sont r\u00e9alis\u00e9s par la r\u00e9daction du Parisien Aujourdhui en France. Ce Palmar\u00e8s des Lyc\u00e9es est r\u00e9alis\u00e9 selon quatre crit\u00e8res de tri : Total des valeurs ajout\u00e9s succ\u00e8s, mentions et acc\u00e8s de la seconde au Bac, taux de r\u00e9ussite au Bac et taux de mentions. Ils ont pour but de collecter des informations relatives \u00e0 votre navigation et de vous adresser des offres et services personnalis\u00e9s. Les enjeux du recyclage et de la valorisation e\u0301nerge\u0301tique du bois : Lise LAMBERT, Responsable Bois E\u0301nergie-ECOSYS Le Palmar\u00e8s des Lyc\u00e9es du Parisien se base sur le total de Valeur ajout\u00e9e des lyc\u00e9es VA sur taux de succ\u00e8s VA dacc\u00e8s de la seconde au Bac VA du taux de mentions. Avec une Valeur ajout\u00e9e totale de 0 points le A commencer par Pierre-Alexandre Teuli\u00e9, Directeur g\u00e9n\u00e9ral du E-business, de la communication, des affaires publiques et de la responsabilit\u00e9 sociale de Nestl\u00e9 France. Selon lui, cest aussi le r\u00f4le des grands groupes, souvent montr\u00e9s du doigt pour des comportements peu responsables, que de sengager dans des domaines dint\u00e9r\u00eat g\u00e9n\u00e9ral comme la sant\u00e9, lalimentation, la sauvegarde de lenvironnement voire l\u00e9ducation. Ils le sont souvent sous la contrainte, dailleurs, challeng\u00e9s par des consommateurs qui veulent changer leur fa\u00e7on de consommer : moins de viande, moins sucr\u00e9, moins sal\u00e9, plus de produits locaux, plus sain, moins mais mieux. Des consommateurs qui sont aussi vigilants sur les conditions de fabrication des produits quils mangent ou la nature des emballages, et font de plus en plus le choix des circuits courts, du bio, des produits naturels, des petits producteurs locaux plut\u00f4t que des multinationales.<\/p>\n","protected":false},"excerpt":{"rendered":"<p>eco rencontres tarare<\/p>\n","protected":false},"author":1,"featured_media":0,"comment_status":"closed","ping_status":"closed","sticky":false,"template":"","format":"standard","meta":{"footnotes":""},"categories":[1],"tags":[],"_links":{"self":[{"href":"http:\/\/aksense.com\/info\/wp-json\/wp\/v2\/posts\/13274"}],"collection":[{"href":"http:\/\/aksense.com\/info\/wp-json\/wp\/v2\/posts"}],"about":[{"href":"http:\/\/aksense.com\/info\/wp-json\/wp\/v2\/types\/post"}],"author":[{"embeddable":true,"href":"http:\/\/aksense.com\/info\/wp-json\/wp\/v2\/users\/1"}],"replies":[{"embeddable":true,"href":"http:\/\/aksense.com\/info\/wp-json\/wp\/v2\/comments?post=13274"}],"version-history":[{"count":1,"href":"http:\/\/aksense.com\/info\/wp-json\/wp\/v2\/posts\/13274\/revisions"}],"predecessor-version":[{"id":13275,"href":"http:\/\/aksense.com\/info\/wp-json\/wp\/v2\/posts\/13274\/revisions\/13275"}],"wp:attachment":[{"href":"http:\/\/aksense.com\/info\/wp-json\/wp\/v2\/media?parent=13274"}],"wp:term":[{"taxonomy":"category","embeddable":true,"href":"http:\/\/aksense.com\/info\/wp-json\/wp\/v2\/categories?post=13274"},{"taxonomy":"post_tag","embeddable":true,"href":"http:\/\/aksense.com\/info\/wp-json\/wp\/v2\/tags?post=13274"}],"curies":[{"name":"wp","href":"https:\/\/api.w.org\/{rel}","templated":true}]}}