{"id":13450,"date":"2020-10-18T06:30:01","date_gmt":"2020-10-18T06:30:01","guid":{"rendered":"http:\/\/aksense.com\/info\/?p=13450"},"modified":"2020-10-06T16:16:06","modified_gmt":"2020-10-06T16:16:06","slug":"rencontres-arles-capa","status":"publish","type":"post","link":"http:\/\/aksense.com\/info\/2020\/10\/18\/rencontres-arles-capa\/","title":{"rendered":"Rencontres Arles Capa"},"content":{"rendered":"<p>Il sagit dun contrat en CDI qui d\u00e9butera entre juillet et septembre et demandera de travailler entre Paris et Arles. Sont notamment demand\u00e9es une exp\u00e9rience en direction artistique et une bonne pratique de langlais. Les candidatures CV, lettre de motivation et proposition de projet artistique sont \u00e0 envoyer au plus tard le 19 avril, \u00e0 candidaturedirectionrencontres-arles.com. Restez connect\u00e9 \u00e0 toute lactualit\u00e9 avec La Provence <img decoding=\"async\" src=\"http:\/\/static1.puretrend.com\/articles\/6\/54\/41\/6\/@\/564755-les-rencontres-d-arles-festival-de-la-580x0-1.jpg\" alt=\"rencontres arles capa\" align=\"right\"> Coup de sifflet du gendarme des t\u00e9l\u00e9coms La couleur dominante de cette carte de France est le blanc \u00e0 lest, \u00e0 louest, au sud rose, bleu ciel et mauve se rassemblent autour de quelques grandes villes et surgissent \u00e0 limproviste ici et l\u00e0. Ce coloriage de lhexagone localise les taux <img decoding=\"async\" src=\"http:\/\/www.stylezza.com\/uploads\/articles\/medium\/2013\/02\/graciela-iturbide-chalma-mexico_p2wb.jpg\" alt=\"rencontres arles capa\" align=\"right\"> RETOUR SUR JEUDI 4 JUIN. 13 \u00e8me Visioconf\u00e9rence depuis confinement 9 participantes Un retour en images sur la rencontre avec le l\u00e9gendaire photographe de l?agence Magnum, samedi 12 d\u00e9cembre. For your embedded video so it will play over and over and over and over and over and you get the idea. SUR LA PHOTO, DE FRED STEIN PARIS 1935, GERDA TARO ET ROBERT CAPA. DANS LE MUS\u00c9E DART DE STUTTGART, ALLEMAGNE, EN JANVIER 2010, R\u00c9TROSPECTIVE D\u00c9DI\u00c9E \u00c0 GERDA TARO <img decoding=\"async\" src=\"http:\/\/rencontres-arles-photo.tv\/wp-content\/uploads\/2013\/06\/Portrait_Robert_Capa.jpg\" alt=\"rencontres arles capa\" align=\"left\"> Por favor Desative o o AdBlock bloqueador de an\u00fancios no nosso site Fond\u00e9es en 1970, les Rencontres dArles sont devenues lun des festivals de photographie les plus importants de la plan\u00e8te. Destin\u00e9 \u00e0 transmettre le patrimoine photographique mondial, cet \u00e9v\u00e9nement estival se veut \u00eatre le lieu de la cr\u00e9ation contemporaine \u00e0 travers plus de 60 expositions \u00e0 d\u00e9couvrir jusquau 23 septembre 2012. Etablissements scolaires : tarifs pr\u00e9f\u00e9rentiels-R\u00e9cup\u00e9rez votre mot de passe Votre e-mail Voyage \u00e0 linvitation dOscar Niemeyer pour photographier \u00e0 Brasilia, Br\u00e9sil. 1963  Collection Graham Nash, Annie Leibovitz, Martin Parr, Paulo Nozolino, Ugo Mulas, Bruce Gilden, Georges Rousse, Peter Knapp, Max Pam, Miguel Rio Branco, Michelle Debat, Andy Summers, Baron Wolman. 1985 Jacques Chirac, n\u00e9 en 1932 et d\u00e9c\u00e9d\u00e9 le 26 septembre 20.. 15 TYPO3CMSCoreDatabaseQueryQueryBuilder ::execute  Slightly out of focus, photo la plus connue de Capa Les 46eme Rencontres dArles seront d\u00e9di\u00e9es \u00e0 Lucien Clergue. Le Mus\u00e9e National du Grand Palais des Champs Elys\u00e9es \u00e0 Paris lui rend hommage \u00e0 travers lexposition Lucien Clergue, Les Premiers Albums, sous la direction artistique et le commissariat de Fran\u00e7ois H\u00e9bel et Christian Lacroix, en collaboration avec lAtelier Lucien Clergue et sa famille. En pratique : 60 expositions tous les jours, de 10 heures \u00e0 19 heures, du 4 juillet au 18 septembre. You are on Twitter Mobile because you are using an old version of Internet Explorer. Learn more Charles Aznavour, chanteur franco-arm\u00e9nien est n\u00e9 le 22.. Porte dentr\u00e9e Est de lagglom\u00e9ration lyonnaise, Bron est une ville aux multiples facettes. Proche des grands axes routiers et reli\u00e9e \u00e0 Lyon par les tramways en quelques minutes, elle est aussi lun des poumons verts de la m\u00e9tropole. Bron est une ville qui bouge, sadapte, sengage, recherche et Je propose une offre Pour informer et \u00e9changer avec mes futurs collaborateurs Si tout le monde a entendu parler du photographe Robert Capa, il nen est surement pas de m\u00eame de Gerta Porohylle, qui fut sa compagne. .<\/p>\n","protected":false},"excerpt":{"rendered":"<p>rencontres arles capa<\/p>\n","protected":false},"author":1,"featured_media":0,"comment_status":"closed","ping_status":"closed","sticky":false,"template":"","format":"standard","meta":{"footnotes":""},"categories":[1],"tags":[],"_links":{"self":[{"href":"http:\/\/aksense.com\/info\/wp-json\/wp\/v2\/posts\/13450"}],"collection":[{"href":"http:\/\/aksense.com\/info\/wp-json\/wp\/v2\/posts"}],"about":[{"href":"http:\/\/aksense.com\/info\/wp-json\/wp\/v2\/types\/post"}],"author":[{"embeddable":true,"href":"http:\/\/aksense.com\/info\/wp-json\/wp\/v2\/users\/1"}],"replies":[{"embeddable":true,"href":"http:\/\/aksense.com\/info\/wp-json\/wp\/v2\/comments?post=13450"}],"version-history":[{"count":1,"href":"http:\/\/aksense.com\/info\/wp-json\/wp\/v2\/posts\/13450\/revisions"}],"predecessor-version":[{"id":13451,"href":"http:\/\/aksense.com\/info\/wp-json\/wp\/v2\/posts\/13450\/revisions\/13451"}],"wp:attachment":[{"href":"http:\/\/aksense.com\/info\/wp-json\/wp\/v2\/media?parent=13450"}],"wp:term":[{"taxonomy":"category","embeddable":true,"href":"http:\/\/aksense.com\/info\/wp-json\/wp\/v2\/categories?post=13450"},{"taxonomy":"post_tag","embeddable":true,"href":"http:\/\/aksense.com\/info\/wp-json\/wp\/v2\/tags?post=13450"}],"curies":[{"name":"wp","href":"https:\/\/api.w.org\/{rel}","templated":true}]}}