{"id":13658,"date":"2020-10-18T12:27:05","date_gmt":"2020-10-18T12:27:05","guid":{"rendered":"http:\/\/aksense.com\/info\/?p=13658"},"modified":"2020-10-06T22:15:54","modified_gmt":"2020-10-06T22:15:54","slug":"rencontre-avec-sourd","status":"publish","type":"post","link":"http:\/\/aksense.com\/info\/2020\/10\/18\/rencontre-avec-sourd\/","title":{"rendered":"Rencontre Avec Sourd"},"content":{"rendered":"<p>Des articles vont para\u00eetre dans le t\u00e9l\u00e9gramme et le Ouest France. <img decoding=\"async\" src=\"http:\/\/college.lutterbach.free.fr\/photos\/segpa.JPG\" alt=\"rencontre avec sourd\" align=\"right\">  Catherine : Il existe des associations de sourds pour les sourds. Au contraire, nous souhaitions cr\u00e9er une association qui cr\u00e9e un pont entre les entendants et les sourds, que les deux communaut\u00e9s se rencontrent. Cest ainsi que VO SOURDS 95 a vu le jour avec Elodie comme pr\u00e9sidente entendante. Sourds : Apr\u00e8s une repr\u00e9sentation, reprend Nathalie Roche, une Dans les dioc\u00e8ses de Lahore et de Karachi, au Pakistan, le tr\u00e8s Saint Sacrement est port\u00e9 dans les rues des quartiers pour b\u00e9nir les maisons, et lEucharistie distribu\u00e9e porte-\u00e0-porte aux paroissiens. Conservons la relation spirituelle et le r\u00e9confort r\u00e9ciproque, a enjoint larchev\u00eaque de Lahore, Mgr Sebastian Francis Shaw. Abonnez-vous aux \u00e9v\u00e9nements de la cat\u00e9gorie et recevez les nouveaut\u00e9s par email. Habituellement familier pendant les s\u00e9ances avec les enfants sourds, semblait En cliquant sur je mabonne, jaccepte que les donn\u00e9es recueillies par Radio France soient destin\u00e9es \u00e0 lenvoi par courrier \u00e9lectronique de contenus et dinformations relatifs aux programmes. Sourd ou malentendant : contactez-nous avec Acceo! Contrairement \u00e0 lisolement, la solitude nest pas forc\u00e9ment une mauvaise chose! Comment bien la vivre? La crise sanitaire que nous traversons entra\u00eene la mise en \u0153uvre imm\u00e9diate de mesures de soutien massif aux entreprises. Le dispositif dactivit\u00e9 partielle est une des mesures cl\u00e9s. De moi comme elle retirait son manteau en arrivant. Une double enveloppe Favoriser lacc\u00e8s du plus grand nombre \u00e0 la culture, permettre aux jeunes de d\u00e9couvrir des \u0153uvres marquantes, les accompagner dans la pratique artistique et d\u00e9velopper leur sens critique. <img decoding=\"async\" src=\"http:\/\/4.bp.blogspot.com\/-T4wxXmYRqaY\/TzOf7TzzCvI\/AAAAAAAAEPg\/FHeLOXhR-0Y\/s1600\/sarkozy-campagne-sourds-muets.jpg\" alt=\"rencontre avec sourd\" align=\"left\"> par contre cela fait quelques mois d\u00e9j\u00e0 que jessaie de les joindre, car \u00e9tant malentendante s\u00e9v\u00e8re, je voulais int\u00e9grer lassociation et prendre des cours de lsf&#8230; Je me suis m\u00eame inscrite sur leur site afin dint\u00e9grer la communaut\u00e9!! malheureusement, je nai jamais eu de r\u00e9ponse, et personne na pris la peine de me rappeler!! je suis vraiment d\u00e9\u00e7ue!!  <img decoding=\"async\" src=\"http:\/\/p.calameoassets.com\/170223120804-e5ca25c98df0cbe4942ce298af2240e4\/p1.jpg\" alt=\"rencontre avec sourd\" align=\"left\"> Bruno Picard est le nouvel auteur dUn Miracle Chaque Jour. Il navait que 17 ans quand il rencontra Celui qui a radicalement chang\u00e9 sa vie.. Apr\u00e8s pr\u00e8s de deux mois de confinement obligatoire, \u00e0 partir de ce lundi 11 mai 2020. N\u00e9anmoins, il saccompagne de consignes sanitaires strictes \u00e0 respecter : gestes barri\u00e8res, distanciation sociale, et surtout. Un probl\u00e8me de plus pour toutes les personnes atteintes de surdit\u00e9 ou malentendantes, qui \u00e9prouvent dautant plus de difficult\u00e9s pour communiquer, notamment au travail. Les masques annihilent la lecture labiale n Chaque mercredi, rencontres entre sourds, malentendants et entendants au foyer, de 18 h \u00e0 20 h 30. Ouvert \u00e0 tous. Enfance arabe et gaie en somme Celle, r\u00eav\u00e9e, probablement jamais connue, mais Conform\u00e9ment \u00e0 la loi Informatique et libert\u00e9s du 6 janvier 1978, vous b\u00e9n\u00e9ficiez dun droit dacc\u00e8s, de rectification et dopposition que vous pouvez exercer en nous \u00e9crivant \u00e0 Propos recueillis par Jean-Maurice Plissonnier et Rachel Poirier, ALDSM Sur internet, on voit un jeune sourd appareill\u00e9 qui dit que la LSF Langue des Signes Fran\u00e7aise est sa 1 \u00e8re langue, et une jeune sourde parlante qui a d\u00e9couvert la LSF au lyc\u00e9e et sest mise \u00e0 lapprendre avec grand enthousiasme. Esp\u00e9rons que la langue des signes VIVRA. Pourquoi ne pas linscrire au patrimoine mondial de lhumanit\u00e9? .<\/p>\n","protected":false},"excerpt":{"rendered":"<p>rencontre avec sourd<\/p>\n","protected":false},"author":1,"featured_media":0,"comment_status":"closed","ping_status":"closed","sticky":false,"template":"","format":"standard","meta":{"footnotes":""},"categories":[1],"tags":[],"_links":{"self":[{"href":"http:\/\/aksense.com\/info\/wp-json\/wp\/v2\/posts\/13658"}],"collection":[{"href":"http:\/\/aksense.com\/info\/wp-json\/wp\/v2\/posts"}],"about":[{"href":"http:\/\/aksense.com\/info\/wp-json\/wp\/v2\/types\/post"}],"author":[{"embeddable":true,"href":"http:\/\/aksense.com\/info\/wp-json\/wp\/v2\/users\/1"}],"replies":[{"embeddable":true,"href":"http:\/\/aksense.com\/info\/wp-json\/wp\/v2\/comments?post=13658"}],"version-history":[{"count":1,"href":"http:\/\/aksense.com\/info\/wp-json\/wp\/v2\/posts\/13658\/revisions"}],"predecessor-version":[{"id":13659,"href":"http:\/\/aksense.com\/info\/wp-json\/wp\/v2\/posts\/13658\/revisions\/13659"}],"wp:attachment":[{"href":"http:\/\/aksense.com\/info\/wp-json\/wp\/v2\/media?parent=13658"}],"wp:term":[{"taxonomy":"category","embeddable":true,"href":"http:\/\/aksense.com\/info\/wp-json\/wp\/v2\/categories?post=13658"},{"taxonomy":"post_tag","embeddable":true,"href":"http:\/\/aksense.com\/info\/wp-json\/wp\/v2\/tags?post=13658"}],"curies":[{"name":"wp","href":"https:\/\/api.w.org\/{rel}","templated":true}]}}