{"id":13878,"date":"2020-10-19T19:19:51","date_gmt":"2020-10-19T19:19:51","guid":{"rendered":"http:\/\/aksense.com\/info\/?p=13878"},"modified":"2020-10-07T04:28:37","modified_gmt":"2020-10-07T04:28:37","slug":"emission-rencontre-inattendue","status":"publish","type":"post","link":"http:\/\/aksense.com\/info\/2020\/10\/19\/emission-rencontre-inattendue\/","title":{"rendered":"Emission Rencontre Inattendue"},"content":{"rendered":"<p>Bien que vous serez particuli\u00e8rement calme, d\u00e9tendu et serein, pensez \u00e0 vous m\u00e9nager. Prenez la d\u00e9cision de prendre mieux soin de vous. Il faut dire que les r\u00e9sultats seront bons et que les nouvelles vous r\u00e9jouiront, les recherches aboutiront, les besoins seront combl\u00e9s, par votre action, par votre volont\u00e9. Vous obtiendrez! Vous allez vous sentir rafra\u00eechi, plus \u00e9nergique et avec des id\u00e9es plus claires. Vous cr\u00e9erez de nouvelles id\u00e9es positives! Intuition et inspiration. Limportant ici sera daller au bout des choses pour que vos id\u00e9es deviennent r\u00e9alit\u00e9. On r\u00e9colte ce que lon s\u00e8me. Vous recevrez une heureuse Dans le num\u00e9ro du 4 mai, une autre s\u00e9quence inattendue et moins dr\u00f4le que la pr\u00e9c\u00e9dente est venue g\u00e2cher le tableau et provoquer une pluie de critiques sur les r\u00e9seaux sociaux.. Mais les embuches ne sont pas finies pour autant! Le but de l\u00e9mission, cest de faire du bien au monde, de lui changer les id\u00e9es, de revoir les artistes quon aime, mais aussi de laisser une trace en amassant des fonds pour S.O.S. Violence conjugale et Les Petits Fr\u00e8res, conclut Jean-Philippe Dion, qui compte sur la g\u00e9n\u00e9rosit\u00e9 du public. En dehors des plateaux dexposition, connus du public, quadvient-il des oeuvres que le FRAC PACA acqui\u00e8re chaque ann\u00e9e? Rencontre avec Pascal Prompt et Laura Bayod, charg\u00e9s de collection, qui nous ouvrent les portes des r\u00e9serves pour nous parler conservation et surtout diffusion Outre le titre et les images de la ville dans le g\u00e9n\u00e9rique douverture, il est tr\u00e8s peu question de Sherbrooke dans cette Rue King. On a voulu sortir la sitcom du milieu urbain montr\u00e9alais et on voulait une ville universitaire, avec une vie culturelle, sociale, sportive vivante. On aimait aussi le nom de la rue King, parce que cest quand m\u00eame des kings de limpro quon a, explique Vincent Bolduc. Les 10 demi-heures ont \u00e9t\u00e9 tourn\u00e9es en \u00e0 peine cinq jours. Pas de chance de se reprendre, une seule prise. Je mattendais \u00e0 assister \u00e0 plus de fous rires et de d\u00e9crochages de la part des improvisateurs, qui restent relativement disciplin\u00e9s, du moins dans les trois \u00e9pisodes quon a vus. On a tr\u00e8s h\u00e2te de revoir nos enfants et leurs familles, affirme la p\u00e9diatre sociale Ga\u00eblle Vekemans, qui doit se contenter de leur parler \u00e0 travers un \u00e9cran depuis six semaines, ce qui complexifie son travail. Selon elle, les dommages collat\u00e9raux dun confinement prolong\u00e9 seraient \u00e9normes pour les enfants. Elle sinqui\u00e8te entre autres dune baisse significative des signalements \u00e0 la DPJ, preuve que les enfants ont perdu leur cercle protecteur. Si les discours scientifiques diff\u00e8rent sur la question de limmunit\u00e9, ils sont unanimes sur celle des cons\u00e9quences physiques, minimes chez la vaste majorit\u00e9 des enfants. \u00c7a dure quelques jours et cest fini, rassure la Dre Vekemans, qui comprend n\u00e9anmoins linqui\u00e9tude des parents \u00e0 propos du retour \u00e0 l\u00e9cole. Cette parenth\u00e8se est tr\u00e8s attendue pour nous ttes les semaines! cest une des rares et excellentes \u00e9missions que j,aime vraiment.Certes,on ne n\u00e9gliger le contexte freudien de la chose! et alors!peut Les dieux du Pad redescendent dans lar\u00e8ne, et \u00e7a va \u00eatre une v\u00e9ritable boucherie. Alors, qui sera le Teddy Riner du canap\u00e9, le Garou du karaok\u00e9 ou le Roger Federer du salon. Marcus ou Julien? <img decoding=\"async\" src=\"http:\/\/s1.lemde.fr\/image2x\/2016\/03\/31\/534x0\/4892807_6_e522_marcus-miller-rencontre-les-enfants-de_6b9a349f5ec00fb70ad664105ac3e724.jpg\" alt=\"emission rencontre inattendue\" align=\"center\"> Le 28 juillet 2019, tous les fans des deux amoureux sont en \u00e9mois. Le couple annonce, en effet, qu! M. Pokora partage une photo de la premi\u00e8re \u00e9chographie pour confirmer cette bonne nouvelle. Les followers des deux stars suivent avec attention la grossesse de Christina Milian: de lannonce du sexe du b\u00e9b\u00e9 un gar\u00e7on jusqu\u00e0 sa baby shower et ses nombreuses photos de baby bump. Web d\u00e9di\u00e9 \u00e0 l\u00e9cole itin\u00e9rante, et dont les archives, qui seront   D\u00e8s 20h50, la cha\u00eene payante du groupe M6 proposera \u00e0 ses t\u00e9l\u00e9spectateurs de red\u00e9couvrir le passage de Philippe Etchebest \u00e0 Orbec. Dans cette ville du Calvados, le jur\u00e9 de Top Chef part \u00e0 la rencontre de Sylvie. Cette derni\u00e8re a rachet\u00e9 un \u00e9tablissement pour ses deux enfants. Sa fille Mathilde se charge de la g\u00e9rance. Guillaume, quant \u00e0 lui, officie aux fourneaux. Mais les tensions ne cessent de se multiplier entre eux. Philippe Etchebest va d\u00e9couvrir une cuisine dans un \u00e9tat \u00e9pouvantable. Au sommaire : Lh\u00e9ritage du r\u00e9cidiviste. Marie habite avec ses trois fils en Belgique et vit douloureusement la perte de son \u00e9poux, Ren\u00e9. Celui-ci a accumul\u00e9 un h\u00e9ritage de plus dun million deuros..  Un homme vient d\u00eatre poignard\u00e9 dans un quartier r\u00e9sidentiel. Sagit-il dun cambiolage qui aurait mal tourn\u00e9 ou la victime avait-elle des ennemis dans le voisinage? Il y a un bouton sur la t\u00e9l\u00e9, il faut l\u00e9teindre et faire autre chose. <img decoding=\"async\" src=\"http:\/\/3.bp.blogspot.com\/-up3A7XKM2gY\/VS-RStVAfPI\/AAAAAAAAAws\/b8Ec5nZiE0I\/s1600\/9782204103947-55112098a4210.jpg\" alt=\"emission rencontre inattendue\" align=\"right\"> Cr\u00e9ation dun nouveau m\u00e9tier : assembleur cr\u00e9ateur de vins.On en parle avec Olivier Hodebert de La Cave de lInattendu \u00e0 Vertou. Marina Carr\u00e8re dEncausse, Philippe Charlier, R\u00e9gis Boxel\u00e9 et Fabien Doguet, entour\u00e9s de sp\u00e9cialistes et de t\u00e9moins, r\u00e9pondent aux questions des t\u00e9l\u00e9spectateurs concernant la th\u00e9matique du jour. <img decoding=\"async\" src=\"http:\/\/idata.over-blog.com\/0\/51\/65\/79\/people-a-la-une-6\/FD-Albert-son-coeur-bat-pour-Catherine.jpg\" alt=\"emission rencontre inattendue\" align=\"left\"> Vous \u00eates ici : Comment Avatar: le dernier ma\u00eetre de lair a r\u00e9sist\u00e9 \u00e0 l\u00e9preuve du temps Comment Avatar: le dernier ma\u00eetre de lair a r\u00e9sist\u00e9 \u00e0 l\u00e9preuve du temps Audiences Audiences : Les plus belles vacances et Incroyables transformations au plus haut Francis PARNY : Je veux vous remercier encore une fois de mavoir invit\u00e9 parce que jai appris un certain nombre de choses. Ce qui ma frapp\u00e9, ce qui revient, ce que vous dites aux politiques et cest normal parce que je ressens les ann\u00e9es depuis 81 jusqu\u00e0 maintenant comme vous les avez d\u00e9crites, cest-\u00e0-dire comme bien insatisfaisantes avec des alternances mais pas v\u00e9ritablement dalternatives claires dans les choix politiques de ces ann\u00e9es-l\u00e0. Je veux redire que si on proc\u00e8de de la m\u00eame fa\u00e7on, on arrivera au m\u00eame r\u00e9sultat. Beaucoup dentre vous disent aux politiques que nous sommes quand est-ce que vous allez passer aux actes? Si depuis 25 ou 30 ans on nest pas pass\u00e9 aux actes cest parce quon ne pose pas les probl\u00e8mes correctement. Par exemple certaines questions peuvent se r\u00e9gler par des r\u00e9glementations. L\u00e9tat doit donner plus dargent pour la culture, je lai dit, mais ce nest pas seulement quantitatif, il faut trouver dans la r\u00e9glementation des obligations pour d\u00e9velopper la culture et la cr\u00e9ation dans notre pays : pour les offices dHLM, obliger \u00e0 la construction datelier dans un certain pourcentage, ce que nous avons demand\u00e9 \u00e0 la ville de Paris ; dans le cahier des charges des cha\u00eenes publiques, les obliger \u00e0 avoir des \u0153uvres de cr\u00e9ation \u00e0 20h30. Donc il y a un pouvoir r\u00e9glementaire qui nest pas utilis\u00e9, et encore une fois on doit travailler ensemble \u00e0 l\u00e9laboration de propositions pour g\u00e9rer et d\u00e9cider autrement. Mais l\u00e0 N\u00e9o arr\u00eate les balles et annihile lagent Smith. Vous vous prot\u00e9gez de lext\u00e9rieur parce que vous commencez quelque chose denti\u00e8rement nouveau. Ce que vous ressentiez comme brumeux, obsol\u00e8te, inutile, se d\u00e9tache, car vous ne voulez plus de cette lourdeur, mais de laction l\u00e9g\u00e8re et neuve. Vous ressentez d\u00e9sormais comme possible lespoir de mettre en place ce que vous voulez mettre en place, de ne plus porter un fardeau inutile, de sortir de lobscurit\u00e9 et des illusions. Peut arriver que c et t e personne v o it cela comme quelque cho se d inattendue.<\/p>\n","protected":false},"excerpt":{"rendered":"<p>emission rencontre inattendue<\/p>\n","protected":false},"author":1,"featured_media":0,"comment_status":"closed","ping_status":"closed","sticky":false,"template":"","format":"standard","meta":{"footnotes":""},"categories":[1],"tags":[],"_links":{"self":[{"href":"http:\/\/aksense.com\/info\/wp-json\/wp\/v2\/posts\/13878"}],"collection":[{"href":"http:\/\/aksense.com\/info\/wp-json\/wp\/v2\/posts"}],"about":[{"href":"http:\/\/aksense.com\/info\/wp-json\/wp\/v2\/types\/post"}],"author":[{"embeddable":true,"href":"http:\/\/aksense.com\/info\/wp-json\/wp\/v2\/users\/1"}],"replies":[{"embeddable":true,"href":"http:\/\/aksense.com\/info\/wp-json\/wp\/v2\/comments?post=13878"}],"version-history":[{"count":1,"href":"http:\/\/aksense.com\/info\/wp-json\/wp\/v2\/posts\/13878\/revisions"}],"predecessor-version":[{"id":13879,"href":"http:\/\/aksense.com\/info\/wp-json\/wp\/v2\/posts\/13878\/revisions\/13879"}],"wp:attachment":[{"href":"http:\/\/aksense.com\/info\/wp-json\/wp\/v2\/media?parent=13878"}],"wp:term":[{"taxonomy":"category","embeddable":true,"href":"http:\/\/aksense.com\/info\/wp-json\/wp\/v2\/categories?post=13878"},{"taxonomy":"post_tag","embeddable":true,"href":"http:\/\/aksense.com\/info\/wp-json\/wp\/v2\/tags?post=13878"}],"curies":[{"name":"wp","href":"https:\/\/api.w.org\/{rel}","templated":true}]}}