{"id":139,"date":"2020-09-18T22:52:21","date_gmt":"2020-09-18T22:52:21","guid":{"rendered":"http:\/\/aksense.com\/info\/?p=139"},"modified":"2020-09-18T09:46:20","modified_gmt":"2020-09-18T09:46:20","slug":"rencontres-franco-roumaines","status":"publish","type":"post","link":"http:\/\/aksense.com\/info\/2020\/09\/18\/rencontres-franco-roumaines\/","title":{"rendered":"Rencontres Franco-Roumaines"},"content":{"rendered":"<p><img decoding=\"async\" src=\"http:\/\/www.take.christianhydrick.com\/Fiches\/cm2\/numeration-calcul\/images\/ce1-evaluation-synonnymes-1.jpg\" alt=\"rencontres franco-roumaines\" align=\"center\"> Pour moi, ce voyage fut la r\u00e9alisation dun tr\u00e8s vieux r\u00eave enfin exauc\u00e9 apr\u00e8s 40 ans de patience. Le Trait\u00e9 de Trianon, un si\u00e8cle apr\u00e8s sa signature, fait encore lobjet de nombreuses l\u00e9gendes aupr\u00e8s des Hongrois. Parmi celles-ci, la Carte rou <img decoding=\"async\" src=\"http:\/\/orphelinsderoumanie.org\/wp-content\/uploads\/2015\/10\/rencontre-adoptes-afor.png\" alt=\"rencontres franco-roumaines\" align=\"center\"> No. 1 Law Firm in Romania, conform\u00e9ment \u00e0 Chambers Europe 2006 2018 et Legal 500 EMEA 2007-2018 dans les domaines de lImmobilier et du B\u00e2timent; La lev\u00e9e progressive et prudente du d\u00e9confinement se traduit par une \u00e9volution favorable de la situation \u00e9pid\u00e9miologique sur le territoire national, souligne le minist\u00e8re, alors que le gouvernement pourrait prochainement annoncer des mesures dassouplissement de ce d\u00e9confinement.  Le capitaine nous a autoris\u00e9 \u00e0 aller sur le pont sup\u00e9rieur \u00e0 notre convenance et ce m\u00eame pendant les man\u0153uvres ce qui f\u00fbt pour nous une exp\u00e9rience unique.  Un clich\u00e9 li\u00e9 \u00e0 vos deux cultures respectives que vous avez su d\u00e9passer chez lautre? LP : Les infrastructures en Roumanie demeurent globalement encore peu d\u00e9velopp\u00e9es. Le r\u00e9seau routier et autoroutier est le moins dense dEurope, avec ses 834 km, la Roumanie constitue une partie importante du corridor pan europ\u00e9en avec un axe qui s\u00e9tend de lAllemagne \u00e0 la Gr\u00e8ce. Linfrastructure roumaine est donc cruciale pour linterconnexion. Christiane FERAL-SCHUHL, Louis Bernard BUCHMAN, membres de la CAEI Florent: Jadore son talent pour adapter les petites expressions roumaines en fran\u00e7ais. Un petit intre nimic si nimic a beaucoup de charme une fois traduit rires. Jappr\u00e9cie aussi son c\u00f4t\u00e9 no bullshit que je retrouve chez beaucoup de nos amis roumains! Je regrette par contre un pessimisme national ambiant, une esp\u00e8ce de culture du no futur qui est tr\u00e8s pr\u00e9sente, du fait du contexte politique depuis 20 ans. Mon c\u00f4t\u00e9 entrepreneur me fait voir une terre dopportunit\u00e9 quand la plupart des Roumains ne voient que les dysfonctionnements! La CCIF Roumanie vous invite \u00e0 d\u00e9couvrir les opportunit\u00e9s daffaires dans la r\u00e9gion Ouest! Quest-ce que ce nom de tribu barbare dont on maffuble : Fran\u00e7ais? Je ne suis pas Fran\u00e7ais. Mon cat\u00e9chisme me dit que je suis catholique romain, et moi je traduis cela ainsi : Romain et ma\u00eetre du monde, Fermina M\u00e1rquez, 1911, r\u00e9\u00e9dition Le Livre de Poche, page 141 <img decoding=\"async\" src=\"http:\/\/www.vyp.asso.fr\/prevention-specialisee-en-essonne-val-yerres\/wp-content\/uploads\/2012\/07\/DSC01749.jpg\" alt=\"rencontres franco-roumaines\" align=\"center\"> Laissez-nous votre email pour recevoir les derniers articles. Merci \u00e0 tous les intervenants ainsi qua l\u00e9quipe des b\u00e9n\u00e9voles de GIR et GIERES-ROUMANIE qui ont assur\u00e9 la logistique et lanimation de cette journ\u00e9e. Le copieux et savoureux buffet concoct\u00e9 et r\u00e9alis\u00e9 par Valentina Br\u00e8s, les morceaux musicaux qui ont permis \u00e0 lassistance desquisser quelques pas de danses, ont contribu\u00e9 \u00e0 faire de cette \u00e9v\u00e9nement un des temps forts de lann\u00e9e 2019. Recevez quotidiennement et gratuitement toute lactualit\u00e9 Toulousaine Nouvel \u00e9picentre de la pand\u00e9mie, lAm\u00e9rique latine et les Cara\u00efbes d\u00e9plorent plus de 73 000 morts, dont plus de la moiti\u00e9 au Br\u00e9sil qui a franchi le seuil des 40 000 morts et des 800 000 cas confirm\u00e9s. En tout, on recense plus d1,5 million de malades du Covid-19 en Am\u00e9rique latine, d\u00e9sormais sous la menace dune crise alimentaire.  Aujourdhui, ceux-ci parlent moins fran\u00e7ais que leurs a\u00een\u00e9s et cest dommage car le multilinguisme est source dopportunit\u00e9s. La Saison aura pour ambition de renforcer la place de la langue fran\u00e7aise en Roumanie. Quelle sont les grands projets et objectifs vis\u00e9s par votre Ambassade dans les ann\u00e9es \u00e0 venir? En Roumanie, le pape Fran\u00e7ois appelle lEsprit Saint qui aime modeler lunit\u00e9 dans la diversit\u00e9 pour cheminer ensemble 31 mai 2019, rencontre du pape Fran\u00e7ois avec le synode permanent de l\u00c9glise orthodoxe roumaine.<\/p>\n","protected":false},"excerpt":{"rendered":"<p>rencontres franco-roumaines<\/p>\n","protected":false},"author":1,"featured_media":0,"comment_status":"closed","ping_status":"closed","sticky":false,"template":"","format":"standard","meta":{"footnotes":""},"categories":[1],"tags":[],"_links":{"self":[{"href":"http:\/\/aksense.com\/info\/wp-json\/wp\/v2\/posts\/139"}],"collection":[{"href":"http:\/\/aksense.com\/info\/wp-json\/wp\/v2\/posts"}],"about":[{"href":"http:\/\/aksense.com\/info\/wp-json\/wp\/v2\/types\/post"}],"author":[{"embeddable":true,"href":"http:\/\/aksense.com\/info\/wp-json\/wp\/v2\/users\/1"}],"replies":[{"embeddable":true,"href":"http:\/\/aksense.com\/info\/wp-json\/wp\/v2\/comments?post=139"}],"version-history":[{"count":1,"href":"http:\/\/aksense.com\/info\/wp-json\/wp\/v2\/posts\/139\/revisions"}],"predecessor-version":[{"id":140,"href":"http:\/\/aksense.com\/info\/wp-json\/wp\/v2\/posts\/139\/revisions\/140"}],"wp:attachment":[{"href":"http:\/\/aksense.com\/info\/wp-json\/wp\/v2\/media?parent=139"}],"wp:term":[{"taxonomy":"category","embeddable":true,"href":"http:\/\/aksense.com\/info\/wp-json\/wp\/v2\/categories?post=139"},{"taxonomy":"post_tag","embeddable":true,"href":"http:\/\/aksense.com\/info\/wp-json\/wp\/v2\/tags?post=139"}],"curies":[{"name":"wp","href":"https:\/\/api.w.org\/{rel}","templated":true}]}}