{"id":234,"date":"2020-09-18T20:22:03","date_gmt":"2020-09-18T20:22:03","guid":{"rendered":"http:\/\/aksense.com\/info\/?p=234"},"modified":"2020-09-18T12:40:44","modified_gmt":"2020-09-18T12:40:44","slug":"sarava-rencontres-avec-la-bossa-nova","status":"publish","type":"post","link":"http:\/\/aksense.com\/info\/2020\/09\/18\/sarava-rencontres-avec-la-bossa-nova\/","title":{"rendered":"Sarava Rencontres Avec La Bossa-Nova"},"content":{"rendered":"<p>Mezzo propose de voir le film incontournable pour les amoureux de la bossa nova. Inspir\u00e9 par la pi\u00e8ce de th\u00e9\u00e2tre Orfeu da Concei\u00e7\u00e3o \u00e9crite par Vinicius de Moraes avec Breno Mello et Marpessa Dawn. La musique de ce film pose les fondements de la Bossa nova. Suivre la recherche en recevant les nouveaux r\u00e9sultats par courriel. Nora Barsali, Fran\u00e7ois-Xavier Freland, Anne-Marie Vincent Du 29 septembre au 1er octobre 2020 : Pr\u00e9ventica Lyon J\u00e9tais dans un bar, et je dis au mec avec qui je discute quil faut que jy aille. Le mec, c\u00e9tait, il maccompagne. Et \u00e0 l\u00e9poque, je laissais le studio \u00e0 lArt Ensemble of Chicago quand il \u00e9tait libre pour quils r\u00e9p\u00e8tent. Bon, je les laisse, Alfred reste, et quand je reviens ils avaient fait un disque mythique : Je suis un sauvage. LArt Ensemble of Chicago, je les avais juste vus \u00e0 un concert en leur disant que, voil\u00e0, javais un studio qui pouvait \u00eatre \u00e0 leur disposition. Quand Brigitte Fontaine collabore avec eux, cest parce quune po\u00e9tesse avait crois\u00e9 un ensemble de free-jazz \u00e0 la pointe de la musique contemporaine au studio des Abbesses o\u00f9 nous \u00e9tions. On pouvait provoquer les choses. Quel oxyg\u00e8ne! Il y avait une grande part dimprovisation j\u00e9tais en studio, m\u00eame si je ne suis pas ing\u00e9nieur. La photographie d Antoine Herv\u00e9 est loeuvre du M\u00e9ticuleux. Toute utilisation de cette oeuvre sans lautorisation de son auteur constitue une violation du Code de la propri\u00e9t\u00e9 intellectuelle passible de sanctions civiles et p\u00e9nales.  le Br\u00e9sil Impr\u00e9vu fait le bal pour chauffer les pieds et attendrir les coeur endurcis par lhiver! Cest le samedi 2 d\u00e9cembre au lEstive Caf\u00e9 au m\u00e9tro Laumi\u00e8re, dans le 19\u00e8me. Vous \u00eates les bienvenus pour danser et f\u00eater! Jean-Paul Delfino, Brasil bossa nova, \u00e9ditions Edisud, Paris, 1988 Pambel\u00e9 Cumbia Bullerengue Musiques Festives de la Cara\u00efbe colombienne-Th\u00e9\u00e2tre Sous le caillou Direction: Pascal Coulan Lyon 4 69 <img decoding=\"async\" src=\"http:\/\/www.meniiscus.ga\/fileadmin\/_processed_\/csm_m_c3_a9canisme_horloge_2741bfe29f.jpg\" alt=\"sarava rencontres avec la bossa-nova\" align=\"center\"> <img decoding=\"async\" src=\"http:\/\/www.meniiscus.ga\/fileadmin\/_processed_\/csm_jep_la_bambouseraie_2a9c1d20ca.jpg\" alt=\"sarava rencontres avec la bossa-nova\" align=\"left\"> Your input will affect cover photo selection, along with input from other users. Musiques du monde : arabo-andalouse, choro, flamenco,.. <img decoding=\"async\" src=\"http:\/\/www.life.alwaysgreatsmile.com\/wp-content\/uploads\/2018\/06\/18-06-18-STORE-CASH.jpg\" alt=\"sarava rencontres avec la bossa-nova\" align=\"right\"> Jacques TRIBUIANI: chant, \u00e9lectro-cistre, didgeridoo, percussions Anatole France dit que : La langue fran\u00e7aise est une femme. Et cette femme est si belle, si fi\u00e8re..  Les acteurs Anouk Aim\u00e9e g et Jean-Louis Trintignant, en mai 1986 au Festival de Cannes AFPArchives Fran\u00e7ois-Xavier Freland, Olivier Mirguet Sarav\u00e1, rencontres avec la bossa nova Editions Na\u00efve 2005 Connexions persos : Brigitte Fontaine enregistra sur Op\u00e9ration Blow Up avec le Drame en 1992. Jean Querlier est pr\u00e9sent sur les deux premiers disques du Drame en grand orchestre \u00c0 travail \u00e9gal salaire \u00e9gal en 1982 et Les bons contes font les bons amis en 1983. Jai plusieurs fois eu le plaisir de jouer avec \u00c9tienne Brunet et nous avons interview\u00e9 ensemble Steve Lacy en 2001. Jai suivi lArt Ensemble offstage pendant le Festival du Mans en 1997, mais jignore ce que sont devenues les bandes vid\u00e9o. Jassistai Ren\u00e9 Cl\u00e9ment en 1975 lors des s\u00e9ances denregistrement de la musique de Francis Lai que dirigeait Christian Gaubert pour La Baby-Sitter. B\u00e9n\u00e9ficiant de la g\u00e9n\u00e9rosit\u00e9 de Claude Lelouch, nous fr\u00e9quentions chaque samedi les \u00e9normes fauteuils en cuir de son luxueux Club 13 en tant qu\u00e9tudiants \u00e0 lIdhec. Il mest arriv\u00e9 dy regarder quatre films coup sur coup! La musique tachiste de Michel Magne est un des disques fondateurs de mon histoire \u03b1\u03bd\u03b1\u03bc\u03bf\u03bd\u03ae \u03b9\u03b1\u03c4\u03c1\u03b9\u03ba\u03ce\u03bd \u03b5\u03b9\u03b4\u03b9\u03ba\u03bf\u03c4\u03ae\u03c4\u03c9\u03bd \u03c0\u03b1\u03c0\u03b1\u03b3\u03b5\u03c9\u03c1\u03b3\u03af\u03bf\u03c5 \u0394\u03b9\u03b1\u03b8\u03ad\u03c3\u03b9\u03bc\u03bf Dans le cas de Jo\u00ebl Favreau, jai compris limportance de son r\u00f4le dans le studio Saravah, au c\u00f4t\u00e9 de mon p\u00e8re et de Jacques Higelin, dans les derniers mois de r\u00e9daction, en travaillant sur la partie catalogue. Je ne lai pas contact\u00e9, faute de temps, et je le regrette car jai beaucoup destime pour lhomme et lartiste et je suis s\u00fbr que son t\u00e9moignage e\u00fbt \u00e9t\u00e9 pr\u00e9cieux. Mais il y a dautres absents. Jacques Higelin, trop mal en point pour sexprimer quand je lai rencontr\u00e9 apr\u00e8s le d\u00e9c\u00e8s de mon p\u00e8re, le violoncelliste Jean-Charles Capon, \u00e0 qui jai laiss\u00e9 plusieurs messages sans r\u00e9ponses, ou encore lintrouvable Daniel Vallancien, Je men suis tenu \u00e0 la chronique du studio pour ne pas me perdre et, finalement, gr\u00e2ce \u00e0 ces gens, jai reconstruit ma propre histoire lorsque j\u00e9tais enfant avec eux. Y a-t-il un label daujourdhui qui vous fait penser \u00e0 Saravah?  2 r\u00e9flexions sur Jo\u00e3o Donato, chez lui dans son petit appartement mal rang\u00e9 34 \u03b5\u03c3\u03c4\u03b9\u03b1\u03c4\u03bf\u03c1\u03b9\u03b1 \u03b8\u03b5\u03c3\u03c3\u03b1\u03bb\u03bf\u03bd\u03b9\u03ba\u03b7 delivery 11 \u0399\u03bf\u03c5\u03bb\u03af\u03bf\u03c5 2018 \u03bb\u03bf\u03b3\u03b9\u03c3\u03c4\u03b9\u03ba\u03b1 \u03b3\u03c1\u03b1\u03c6\u03b5\u03b9\u03b1 \u03c7\u03b1\u03c1\u03b9\u03bb\u03b1\u03bf\u03c5 \u03b8\u03b5\u03c3\u03c3\u03b1\u03bb\u03bf\u03bd\u03b9\u03ba\u03b7 \u00c0 travers le monde, un nombre important dartistes de vari\u00e9t\u00e9s, dauteur-compositeur-interpr\u00e8tes, de musiciens de jazz, dorchestrateurs et de compositeurs de musique de films se sont \u00e9galement int\u00e9ress\u00e9s a la bossa nova et lont interpr\u00e9t\u00e9e ou utilis\u00e9e dans une partie de leur r\u00e9pertoire,, :.<\/p>\n","protected":false},"excerpt":{"rendered":"<p>sarava rencontres avec la bossa-nova<\/p>\n","protected":false},"author":1,"featured_media":0,"comment_status":"closed","ping_status":"closed","sticky":false,"template":"","format":"standard","meta":{"footnotes":""},"categories":[1],"tags":[],"_links":{"self":[{"href":"http:\/\/aksense.com\/info\/wp-json\/wp\/v2\/posts\/234"}],"collection":[{"href":"http:\/\/aksense.com\/info\/wp-json\/wp\/v2\/posts"}],"about":[{"href":"http:\/\/aksense.com\/info\/wp-json\/wp\/v2\/types\/post"}],"author":[{"embeddable":true,"href":"http:\/\/aksense.com\/info\/wp-json\/wp\/v2\/users\/1"}],"replies":[{"embeddable":true,"href":"http:\/\/aksense.com\/info\/wp-json\/wp\/v2\/comments?post=234"}],"version-history":[{"count":1,"href":"http:\/\/aksense.com\/info\/wp-json\/wp\/v2\/posts\/234\/revisions"}],"predecessor-version":[{"id":235,"href":"http:\/\/aksense.com\/info\/wp-json\/wp\/v2\/posts\/234\/revisions\/235"}],"wp:attachment":[{"href":"http:\/\/aksense.com\/info\/wp-json\/wp\/v2\/media?parent=234"}],"wp:term":[{"taxonomy":"category","embeddable":true,"href":"http:\/\/aksense.com\/info\/wp-json\/wp\/v2\/categories?post=234"},{"taxonomy":"post_tag","embeddable":true,"href":"http:\/\/aksense.com\/info\/wp-json\/wp\/v2\/tags?post=234"}],"curies":[{"name":"wp","href":"https:\/\/api.w.org\/{rel}","templated":true}]}}