{"id":29,"date":"2020-09-18T18:34:55","date_gmt":"2020-09-18T18:34:55","guid":{"rendered":"http:\/\/aksense.com\/info\/?p=29"},"modified":"2020-09-18T07:26:10","modified_gmt":"2020-09-18T07:26:10","slug":"rencontres-philosophiques-alloa","status":"publish","type":"post","link":"http:\/\/aksense.com\/info\/2020\/09\/18\/rencontres-philosophiques-alloa\/","title":{"rendered":"Rencontres Philosophiques Alloa"},"content":{"rendered":"<p>39 Mai 2016 : Sc\u00e8ne et repr\u00e9sentations non-fictionnelles de lhistoire, dans le cadre du colloque international Les sc\u00e8nes de lhistoire organis\u00e9 par Roberta Agnese et Arianna Sforzini Paris 13 Sciences Po. Catherine ANDRIEU,. De lhistoire de lEternit\u00e9, comme l\u00e9crivait Borg\u00e8s, la philosophie de Spinoza est un moment privil\u00e9gi\u00e9, sinon d\u00e9cisif. Catherine Andrieu se demande si lEternit\u00e9 attribu\u00e9e \u00e0 Dieu et \u00e0 lhomme nest pas \u00e9quivoque, reprenant ici avec Spinoza lexemple classique du terme chien, constellation c\u00e9leste et animal aboyant. Soutenez sceneweb en participant \u00e0 la cagnotte Notre collection sur lhistoire du th\u00e9\u00e2tre Notre collection C\u00e0J Un minute de danse par jour avec Nadia Vadori-Gauthier Dans le moteur de recherche, plus de 13000 spectacles r\u00e9f\u00e9renc\u00e9s-Tim OReilly, Government as a Platform, Innovations: Technology, Governance, Globalization, vol. 6, n 1, janvier 2011, p 13-40. Co-organis\u00e9e avec A. Follain et M. Simon Institut dhistoire moderne, Universit\u00e9 de Strasbourg, mars 2013 Colloque international Exclusion, discipline, terreur : \u00e0 partir de M. Foucault Philosophical encounters of Gennevilliers 2013-2014 Claire ETCHEGARAY Nature humaine et scepticisme : D. Hume, Th. Reid et Th. Jouffroy pp. 125-148 ;  <img decoding=\"async\" src=\"http:\/\/memgoforlag.gq\/wp-content\/uploads\/sites\/6\/2018\/08\/sans-titre-9.jpg\" alt=\"rencontres philosophiques alloa\" align=\"left\"> Antonio Somaini est professeur en \u00e9tudes cin\u00e9matographiques, \u00e9tudes visuelles, th\u00e9orie des m\u00e9dias \u00e0 lUniversit\u00e9 Sorbonne Nouvelle Paris 3 et directeur adjoint de lEA 7343 LIRA Laboratoire International de Recherches en Arts. Il est \u00e9galement membre du Steering Committee du NECS European Network for Cinema and Media Studies et de lAdvisory Board de lIKKM International Research Institute for Cultural Technologies and Media Philosophy de la Bauhaus-Universit\u00e4t de Weimar. Marie-Jos\u00e9e Mondzain : Figurer lindescriptible CPIF 107 avenue de la R\u00e9publique Cour de la ferme briarde 77340 Pontault-Combault France Cest donc un retour critique aux sources historiques de cette id\u00e9e de Paul Rateau \u00e9d, Lectures et interpr\u00e9tation des Essais de Th\u00e9odic\u00e9e de Leibniz, Studia Leibniziana Sonderhefte, Band 40, Franz Steiner Verlag, 2011. Sommaire : Paul Rateau, Les Essais de Th\u00e9odic\u00e9e : un ouvrage populaire? ; Hans Poser, Wahrheit, M\u00f6glichkeit, Kompossibilit\u00e4t. Die komplexe Basis der Theodizee-Argumentation ; Paul Rateau, Ce qui fait un monde. Compossibilit\u00e9, perfection et harmonie ; Jean-Pascal Anfray, Leibniz, le choix du meilleur et la n\u00e9cessit\u00e9 morale ; Francesco Piro, Laction des cr\u00e9atures et le concours de Dieu chez Leibniz : entre trans-cr\u00e9ationnistes et durandiens ; Fran\u00e7ois Duchesneau, Autonomie des \u00e2mes et devenir des corps dans les Essais de Th\u00e9odic\u00e9e ; Arnaud Pelletier, Substance, corps et ph\u00e9nom\u00e8ne dans la Th\u00e9odic\u00e9e, avec une note in\u00e9dite de Leibniz sur Bayle ; Anne-Lise Rey, Lambivalence de laction libre : des corps physiques aux cr\u00e9atures ; Enrico Pasini, La doctrine de la spontan\u00e9it\u00e9 dans la Th\u00e9odic\u00e9e ; Gianfranco Mormino, La contingence dans les Essais de Th\u00e9odic\u00e9e de Leibniz : un r\u00e9quisit de la libert\u00e9? ; Agust\u00edn Echavarr\u00eda, Leibnizs concept of Gods Permissive Will ; Juan Antonio Nicol\u00e1s, Le mal comme limite du Principe de raison ; Maria Rosa Antognazza, The Conformity of Faith with Reason in the Discours Pr\u00e9liminaire of the Theodicy ; Michel Fichant, V\u00e9rit\u00e9, foi et raison dans la Th\u00e9odic\u00e9e ; Fr\u00e9d\u00e9ric de Buzon, Les miracles dans la Th\u00e9odic\u00e9e : usage dogmatique et usage pol\u00e9mique ; Claire R\u00f6sler, Linfluence du negotium irenicum 1697-1706 entrepris par G W. Leibniz et D E. Jablonski sur la Th\u00e9odic\u00e9e ; Catherine Wilson, Leibniz and the Good World. 24 D\u00e9cembre 2012 : La reprise en danse : authenticit\u00e9 et litt\u00e9ralit\u00e9, Colloque international Ethique et esth\u00e9tique de lauthenticit\u00e9, organis\u00e9 par Carole Talon-Hugon, Universit\u00e9 de Nice. S\u00e9minaire ENS Paris-Lhistorien et les images-Avec Alain Choppin INRP-SHE, Bernhard Jussen univ. Bielefeld et Fran\u00e7ois Walter univ. Gen\u00e8ve-Vid\u00e9o Quicktime mov-2h 23mn-2006 12 Novembre 2007 : Classicism as a Modernism: Boris de Schl\u0153zer, dans le cadre du s\u00e9minaire de Franz Anton Cramer, Universit\u00e4t der K\u00fcnste Pilotprojekt Tanzplan, Berlin, Allemagne. <img decoding=\"async\" src=\"http:\/\/files.triax.uk\/media\/com_reditem\/images\/customfield\/item\/5333\/1499782760_en-50575-cables-uk-banner-2800x630.jpg\" alt=\"rencontres philosophiques alloa\" align=\"left\">  <img decoding=\"async\" src=\"http:\/\/farm6.static.flickr.com\/5081\/5231600359_25e34d3077_b.jpg\" alt=\"rencontres philosophiques alloa\" align=\"right\"> La philosophie de Plotin et de ses successeurs exer\u00e7a un ascendant presque exclusif pendant pr\u00e8s de quatre si\u00e8cles et impr\u00e9gna durablement la philosophie m\u00e9di\u00e9vale. Les \u00e9tudes rassembl\u00e9es dans ce num\u00e9ro, dues en majorit\u00e9 \u00e0 de jeunes chercheurs, t\u00e9moignent \u00e0 la fois du g\u00e9nie sp\u00e9culatif des auteurs rassembl\u00e9s sous l\u00e9tiquette de n\u00e9oplatonisme et de la vitalit\u00e9 de la recherche actuelle dans ce domaine.  Catherine Malabou est professeur au Centre for Modern European Philosophy de lUniversit\u00e9 de Kingston Royaume Uni. A la suite de travaux portant sur la notion de plasticit\u00e9 chez Hegel et Heidegger, elle a explor\u00e9 cette notion en esth\u00e9tique pourquoi les arts sont-ils dit plastiques? et en neurologie pourquoi parle-t-on de plasticit\u00e9 du cerveau. Information publi\u00e9e le 6 f\u00c3vrier 2012 par source : Rencontre dialogu\u00e9e avec Emmanuel Alloa, Agn\u00e8s Geoffray et J. Emil Sennewald.<\/p>\n","protected":false},"excerpt":{"rendered":"<p>rencontres philosophiques alloa<\/p>\n","protected":false},"author":1,"featured_media":0,"comment_status":"closed","ping_status":"closed","sticky":false,"template":"","format":"standard","meta":{"footnotes":""},"categories":[1],"tags":[],"_links":{"self":[{"href":"http:\/\/aksense.com\/info\/wp-json\/wp\/v2\/posts\/29"}],"collection":[{"href":"http:\/\/aksense.com\/info\/wp-json\/wp\/v2\/posts"}],"about":[{"href":"http:\/\/aksense.com\/info\/wp-json\/wp\/v2\/types\/post"}],"author":[{"embeddable":true,"href":"http:\/\/aksense.com\/info\/wp-json\/wp\/v2\/users\/1"}],"replies":[{"embeddable":true,"href":"http:\/\/aksense.com\/info\/wp-json\/wp\/v2\/comments?post=29"}],"version-history":[{"count":1,"href":"http:\/\/aksense.com\/info\/wp-json\/wp\/v2\/posts\/29\/revisions"}],"predecessor-version":[{"id":30,"href":"http:\/\/aksense.com\/info\/wp-json\/wp\/v2\/posts\/29\/revisions\/30"}],"wp:attachment":[{"href":"http:\/\/aksense.com\/info\/wp-json\/wp\/v2\/media?parent=29"}],"wp:term":[{"taxonomy":"category","embeddable":true,"href":"http:\/\/aksense.com\/info\/wp-json\/wp\/v2\/categories?post=29"},{"taxonomy":"post_tag","embeddable":true,"href":"http:\/\/aksense.com\/info\/wp-json\/wp\/v2\/tags?post=29"}],"curies":[{"name":"wp","href":"https:\/\/api.w.org\/{rel}","templated":true}]}}