{"id":360,"date":"2020-09-18T23:47:12","date_gmt":"2020-09-18T23:47:12","guid":{"rendered":"http:\/\/aksense.com\/info\/?p=360"},"modified":"2020-09-18T15:59:18","modified_gmt":"2020-09-18T15:59:18","slug":"rencontre-2cv-2013","status":"publish","type":"post","link":"http:\/\/aksense.com\/info\/2020\/09\/18\/rencontre-2cv-2013\/","title":{"rendered":"Rencontre 2cv 2013"},"content":{"rendered":"<p>Choix de chacun pour les diff\u00e9rents \u00e9l\u00e9ments dont certains vont b\u00e9n\u00e9ficier des moules en r\u00e9sine de lentreprise La Deuche en plastique. <img decoding=\"async\" src=\"http:\/\/ottawacitroenclub.ca\/wp-content\/uploads\/2013\/06\/IMAG0440.jpg\" alt=\"rencontre 2cv 2013\" align=\"right\"> Ensuite viendront de nombreuses journ\u00e9es de BONHEUR au volant de votre merveille. \u00c9videmment, cela est compl\u00e8tement faux mais cette annonce a servi de message \u00e9nigmatique en pr\u00e9ambule \u00e0 un rallye que nous devions organiser pour une soci\u00e9t\u00e9 parisienne sp\u00e9cialis\u00e9e en travaux souterrains.  La berline et break, produite jusquen juin 2000 est remplac\u00e9e par la, de dimensions, de motorisations et de types de carrosseries identiques. Logo De Citroen Du 18 octobre 1966 au 13 mars 1985 This error message is only visible to WordPress admins Identit\u00e9 visuelle logo \u00c8re du premier logo 1919-1959 Le LAEP ouvre \u00e0 nouveau ses portes \u00e0 partir du mercredi 17 juin 2020, les mercredis et vendredis de 9h \u00e0 12h. Lacc\u00e8s sera limit\u00e9 \u00e0 10 personnes avec une r\u00e9servation pr\u00e9alable au 05 57 52 59 22. Le port du masque sera obligatoire pour les adultes, du gel hydro-alcoolique sera mis \u00e0 disposition de tous \u00e0 lentr\u00e9e et les 10 Plus Beaux Villages de France hors des sentiers battus Su\u00e8de 2007, guide pratique 15e Rencontre Nationale des 2 CV Clubs de France 2 CV AZAM 6 1966 Morvan TT Deuches 2007 Technique : repose de lensemble moteur-bo\u00eete. Entrez vos coordonn\u00e9es ci-dessous ou cliquez sur une ic\u00f4ne pour vous connecter:  En les quittant, les Tchanqu\u00e0 Deuch se mettaient doucement en place, et \u00e0 d\u00e9faut doiseaux, ce sont quelques 2 chevaux que jai pu photographier! Si Salbris \u00e9tait le point de chute des 2CV et de leurs petites soeurs et cousines, les conducteurs ont randonn\u00e9 un peu partout, \u00e0 deux pas des ch\u00e2teaux de la Loire. Halte obligatoire, \u00e0 Romorantin-Lanthenay : le a le bon go\u00fbt dh\u00e9berger une expo temporaire, baptis\u00e9e La 2CV sans complexe, et r\u00e9unit quelques insolites. Dont des 2CV transform\u00e9es, et lune delles qui a particip\u00e9 au Paris-Dakar 1990. A voir jusquau 7 novembre 2011. Loccasion, par ailleurs, de d\u00e9couvrir la fabuleuse \u00e9pop\u00e9e de Matra. Et, 18 d\u00e9cembre 2014 consult\u00e9 le 28 d\u00e9cembre 2014.  mercredi, 06 novembre 2013 Publi\u00e9 dans Venez d\u00e9monter une 2CV sur le salon Heavent Paris 2013! Places limit\u00e9es. Le 2008 fait peau neuve. Peugeot le dote dun look aguicheur et dun int\u00e9rieur futuriste pour vous plaire. Mais est ce que le ramage vaut le plumage? R\u00e9ponse tout de suite. A la suite, tout un chapitre s\u00e9taie sur le pseudo journal de bord de Christophe Colomb \u00e0 partir de la date du 3 ao\u00fbt 1492 jusquen janvier 1493, suppl\u00e9\u00e9 par un ensemble de notes non dat\u00e9es. Ces derni\u00e8res nous r\u00e9v\u00e8lent en fait cette autre tournure du voyage o\u00f9 lissue sav\u00e8re tr\u00e8s diff\u00e9rente de ce que lhistoire officielle nous a enseign\u00e9. Nous y apprenons que les \u00e9quipages de deux nefs de lexp\u00e9dition tomberont aux mains des indiens. Non, ce nest pas une blague! Le pilote essayeur le plus connu du Royaume-Uni et \u00e0 Il a pris sa retraite en janvier. Depuis quelques semaines, il a fond\u00e9 son entreprise, la SAS Toutadeuch, une petite soci\u00e9t\u00e9 de restauration et de vente de 2CV. Son ancien hangar d\u00e9di\u00e9 au stockage de grains a \u00e9t\u00e9 transform\u00e9 en garage o\u00f9 les pi\u00e8ces d\u00e9tach\u00e9es samoncellent. Si on me demande un amortisseur de 1972, je sais que je lai, sourit-il. Hier soir, on a dans\u00e9 en plein air sur un air punk rock. Le groupe musical les chiens a donn\u00e9 de la voix pour faire bouger ce beau monde. Au hall de B\u00e9r\u00e9, <img decoding=\"async\" src=\"http:\/\/www.lemondejuif.info\/wp-content\/uploads\/2013\/04\/IMG_5654-1024x768.jpg\" alt=\"rencontre 2cv 2013\" align=\"left\"> <img decoding=\"async\" src=\"http:\/\/www.berry-deuche.asso-web.com\/uploaded\/photo\/rassemblement-mondial-2013-525ef9d9d85f3.jpg\" alt=\"rencontre 2cv 2013\" align=\"left\"> Make sure this account has posts available on instagram.com.<\/p>\n","protected":false},"excerpt":{"rendered":"<p>rencontre 2cv 2013<\/p>\n","protected":false},"author":1,"featured_media":0,"comment_status":"closed","ping_status":"closed","sticky":false,"template":"","format":"standard","meta":{"footnotes":""},"categories":[1],"tags":[],"_links":{"self":[{"href":"http:\/\/aksense.com\/info\/wp-json\/wp\/v2\/posts\/360"}],"collection":[{"href":"http:\/\/aksense.com\/info\/wp-json\/wp\/v2\/posts"}],"about":[{"href":"http:\/\/aksense.com\/info\/wp-json\/wp\/v2\/types\/post"}],"author":[{"embeddable":true,"href":"http:\/\/aksense.com\/info\/wp-json\/wp\/v2\/users\/1"}],"replies":[{"embeddable":true,"href":"http:\/\/aksense.com\/info\/wp-json\/wp\/v2\/comments?post=360"}],"version-history":[{"count":1,"href":"http:\/\/aksense.com\/info\/wp-json\/wp\/v2\/posts\/360\/revisions"}],"predecessor-version":[{"id":361,"href":"http:\/\/aksense.com\/info\/wp-json\/wp\/v2\/posts\/360\/revisions\/361"}],"wp:attachment":[{"href":"http:\/\/aksense.com\/info\/wp-json\/wp\/v2\/media?parent=360"}],"wp:term":[{"taxonomy":"category","embeddable":true,"href":"http:\/\/aksense.com\/info\/wp-json\/wp\/v2\/categories?post=360"},{"taxonomy":"post_tag","embeddable":true,"href":"http:\/\/aksense.com\/info\/wp-json\/wp\/v2\/tags?post=360"}],"curies":[{"name":"wp","href":"https:\/\/api.w.org\/{rel}","templated":true}]}}