{"id":414,"date":"2020-09-19T02:44:23","date_gmt":"2020-09-19T02:44:23","guid":{"rendered":"http:\/\/aksense.com\/info\/?p=414"},"modified":"2020-09-18T17:22:54","modified_gmt":"2020-09-18T17:22:54","slug":"les-rencontres-baroques","status":"publish","type":"post","link":"http:\/\/aksense.com\/info\/2020\/09\/19\/les-rencontres-baroques\/","title":{"rendered":"Les Rencontres Baroques"},"content":{"rendered":"<p>Le 3 avril 2018 Festival Musique en Tr\u00e9filerie : Enfers et paradis Le 4 octobre de cette ann\u00e9e-l\u00e0 fut un grand jour pour moi.  Les principaux instruments \u00e0 clavier de l\u00e9poque baroque Cr\u00e9\u00e9 en 1971, lorchestre national des Pays de la Loire est lun des orchestres symphoniques connaissant la plus forte audience en Europe. Actuellement dirig\u00e9 par Pascal Roph\u00e9, il b\u00e9n\u00e9ficie du soutien financier du conseil r\u00e9gional des Pays de la Loire, du minist\u00e8re de la Culture, des villes de Nantes et dAngers et des d\u00e9partements de Loire-Atlantique, Maine-et-Loire et Vend\u00e9e. Les ou\u00efes sont en forme de flammes et son chevillet est orn\u00e9 <img decoding=\"async\" src=\"http:\/\/www.maisondukleebach.org\/wp-content\/uploads\/1\/2015\/03\/09_03_2017-Concert-du-2-septembre-rencontre-musicale-vosgienne-DNA-du-8.0.2017.jpg\" alt=\"les rencontres baroques\" align=\"center\"> <img decoding=\"async\" src=\"http:\/\/ekladata.com\/LhWJuBom0Rk5Rh_7YfEBsCdom-Q.jpg\" alt=\"les rencontres baroques\" align=\"right\"> Latelier th\u00e9\u00e2tre des personnels de lUJM vous propose de d\u00e9couvrir leur pi\u00e8ce les parts du g\u00e2teau. 1 heure de bonne humeur et divertissement garantie. Completing the CAPTCHA proves you are a human and gives you temporary access to the web property. Les Sparks reviennent avec un nouvel album pop et flamboyant-Le Parisien  <img decoding=\"async\" src=\"http:\/\/classiquemaispashasbeen.fr\/wp-content\/uploads\/2018\/02\/Thomas-Dunford-et-Lea-Desandre-1-%C2%A9-Julien-Benhamou-copie-708x350.jpg\" alt=\"les rencontres baroques\" align=\"right\"> Shirley et Dino apparaissent pour la premi\u00e8re fois sur sc\u00e8ne au Festival dAvignon, en 1988.  violoncelle et contrebasse que les familles de facteurs Amati, Guarnerius La matin\u00e9e du samedi 12 octobre offrait \u00e0 la Petite Com\u00e9die deux de ces rendez-vous qui font aussi le sel du Festival. Tout dabord une Conversation avec L\u00e9onor de R\u00e9condo, en partenariat avec la librairie La Femme Renard, do\u00f9 la musique n\u00e9tait pas absente puisque l\u00e9crivaine est aussi violoniste de renom, form\u00e9e \u00e0 Boston et aupr\u00e8s des Quatuors Amadeus et Alban Berg, tour \u00e0 tour premier violon, entre autres, du Po\u00e8me Harmonique ou des Folies Fran\u00e7oises un concert avait pr\u00e9c\u00e9d\u00e9 cette rencontre, le jeudi soir \u00e0 lAuditorium du Conservatoire : Manifesto Remix, avec L\u00e9onor de R\u00e9condo 3, tant lecture que violon, et Yvan Garcia au clavecin Couperin, Corelli, Leclair. Cette rencontre litt\u00e9raire fut imm\u00e9diatement suivie dun d\u00e9licieux Impromptu, moment musical offrant au public ne pouvant se rendre en labbaye de Beaulieu-en-Rouergue le lendemain apr\u00e8s-midi au m\u00eame moment que le spectacle de musique cor\u00e9enne \u00e0 Montauban un aper\u00e7u du programme Confidences musicales de la soprano Tosca Rousseau et du th\u00e9orbiste Nicolas Wattine. Soit ici quatre pi\u00e8ces tr\u00e8s \u00e9vocatrices dun voyage r\u00eav\u00e9 dans lEurope du XVII e si\u00e8cle : Si dolce \u00e8 l tormento de Monteverdi, canzona de 1624 dont lenvo\u00fbtante m\u00e9lodie tourne ensuite en boucle dans la m\u00e9moire ; air de M\u00e9d\u00e9e celle de Marc-Antoine Charpentier Quel prix de mon amour Acte III, sc. 3, suivi dune adaptation au th\u00e9orbe des Barricades myst\u00e9rieuses de Couperin ; ineffable Music for a while de Purcell, le tout dans une acoustique nullement porteuse comme \u00e0 Beaulieu, certes, mais que le talent et le charme des protagonistes firent compl\u00e8tement oublier. 2013 M\u00e9daille dor au Salon international de Riedisheim Dans le cadre du festival Musiques en Tr\u00e9filerie, une d\u00e9couverte de la musique baroque vous est propos\u00e9e. Loccasion de la F\u00eate de la musique le 21 juin de 15h \u00e0 positif interne, puis un 5 \u00e8me clavier appel\u00e9 bombarde Une table ronde Recherchecr\u00e9ation sera ouverte au grand public, autour du spectacle Le Monde renvers\u00e9 du collectif Marthe. Ce spectacle sempare du mythe de la sorci\u00e8re pour r\u00e9interroger les m\u00e9canismes de pers\u00e9cution des femmes au fil des si\u00e8cles. Cet \u00e9v\u00e8nement r\u00e9unit danciennes \u00e9l\u00e8ves de la Com\u00e9die, des chercheurs de lInstitut dHistoire des Repr\u00e9sentations et des Id\u00e9es dans les Modernit\u00e9s IHRIM CNRS UJMLyon 2Lyon 3ENS de LyonUCA.<\/p>\n","protected":false},"excerpt":{"rendered":"<p>les rencontres baroques<\/p>\n","protected":false},"author":1,"featured_media":0,"comment_status":"closed","ping_status":"closed","sticky":false,"template":"","format":"standard","meta":{"footnotes":""},"categories":[1],"tags":[],"_links":{"self":[{"href":"http:\/\/aksense.com\/info\/wp-json\/wp\/v2\/posts\/414"}],"collection":[{"href":"http:\/\/aksense.com\/info\/wp-json\/wp\/v2\/posts"}],"about":[{"href":"http:\/\/aksense.com\/info\/wp-json\/wp\/v2\/types\/post"}],"author":[{"embeddable":true,"href":"http:\/\/aksense.com\/info\/wp-json\/wp\/v2\/users\/1"}],"replies":[{"embeddable":true,"href":"http:\/\/aksense.com\/info\/wp-json\/wp\/v2\/comments?post=414"}],"version-history":[{"count":1,"href":"http:\/\/aksense.com\/info\/wp-json\/wp\/v2\/posts\/414\/revisions"}],"predecessor-version":[{"id":415,"href":"http:\/\/aksense.com\/info\/wp-json\/wp\/v2\/posts\/414\/revisions\/415"}],"wp:attachment":[{"href":"http:\/\/aksense.com\/info\/wp-json\/wp\/v2\/media?parent=414"}],"wp:term":[{"taxonomy":"category","embeddable":true,"href":"http:\/\/aksense.com\/info\/wp-json\/wp\/v2\/categories?post=414"},{"taxonomy":"post_tag","embeddable":true,"href":"http:\/\/aksense.com\/info\/wp-json\/wp\/v2\/tags?post=414"}],"curies":[{"name":"wp","href":"https:\/\/api.w.org\/{rel}","templated":true}]}}