{"id":458,"date":"2020-09-19T02:34:24","date_gmt":"2020-09-19T02:34:24","guid":{"rendered":"http:\/\/aksense.com\/info\/?p=458"},"modified":"2020-09-18T18:31:49","modified_gmt":"2020-09-18T18:31:49","slug":"point-rencontre-yverdon-les-bains","status":"publish","type":"post","link":"http:\/\/aksense.com\/info\/2020\/09\/19\/point-rencontre-yverdon-les-bains\/","title":{"rendered":"Point Rencontre Yverdon-Les-Bains"},"content":{"rendered":"<p> Lors dun pic de pollution, dintensit\u00e9 importante le pr\u00e9fet peut mettre en place une circulation diff\u00e9renci\u00e9e, sur la base des certificats CritAir, afin de limiter la circulation des v\u00e9hicules les plus polluants. Le dispositif CritAir.. Ce troisi\u00e8me cycle rel\u00e8ve du degr\u00e9 secondaire. Dune dur\u00e9e de 3 ans, il se compose de la 9 e, de la 10 e et de la 11 e ann\u00e9es. Le degr\u00e9 secondaire I comporte deux voies, la et la. Le cycle 3 accueille les enfants en principe \u00e2g\u00e9s de 12 \u00e0 15 ans et aboutit \u00e0 un certificat de fin d\u00e9tudes secondaires marquant lach\u00e8vement de la scolarit\u00e9 obligatoire. A lissue de la 11 e ann\u00e9e, divers sont possibles. Lassociation Aux Quatre Coins est une Maison Verte \u00e0 Renens, un lieu daccueil, de jeux et de rencontres pour les enfants de 0 \u00e0 5 ans et leurs accompagnants: parents, grands-parents, tante, maman de jour. GRAAP Groupement romand daccueil et daction psychiatrique, Lausanne Lausanne-Sport a mis un terme imm\u00e9diat \u00e0 sa collaboration avec son directeur sportif Pablo Iglesias. Il \u00e9tait en poste depuis juin 2018 et poss\u00e9dait un contrat valable jusquen 2022. Archives KEYSTONEJean-Christophe Bott Ce premier cycle rel\u00e8ve du degr\u00e9 primaire. Dune dur\u00e9e de 4 ans, il est partag\u00e9 en deux demi-cycles : ann\u00e9es 1 et 2 appel\u00e9es aussi \u00e9cole enfantine, suivies des ann\u00e9es 3 et 4. Ce cycle accueille les enfants en principe \u00e2g\u00e9s de 4 \u00e0 8 ans. <img decoding=\"async\" src=\"http:\/\/img.gal.pmdstatic.net\/fit\/http.3A.2F.2Fwww.2Egala.2Efr.2Fvar.2Fgal.2Fstorage.2Fimages.2Fmedia.2Fmultiupload_du_25_avril_2017.2Freem_kherici_portrait.2F4050813-1-fre-FR.2Freem_kherici_portrait.2Ejpg\/1140x499\/crop-from\/top\/reem-kherici-portrait.jpg\" alt=\"point rencontre yverdon-les-bains\" align=\"left\"> En, l a fait son entr\u00e9e dans lorgane d\u00e9lib\u00e9rant. La m\u00eame ann\u00e9e, les Verts quittent le groupe Solidarit\u00e9 \u00c9cologie. Dans une clairi\u00e8re am\u00e9nag\u00e9e, des arcs de menhirs nous connectent \u00e0 notre pr\u00e9histoire. Par mauvais temps, le site a trop mal am\u00e9nag\u00e9 pour pouvoir en profiter, dommage. Par contre, au printemps et en \u00e9t\u00e9, il est fr\u00e9quent de rencontrer des visiteurs new-age ou des druides modernes En 1837 d\u00e9bute la construction de l\u00e9glise catholique Saint-Pierre, situ\u00e9e \u00e0 la rue de la Maison-Rouge. Elle est l\u0153uvre de larchitecte Henri Perregaux. <img decoding=\"async\" src=\"http:\/\/tariqz.tk\/media\/catalog\/product\/cache\/1\/small_image\/660x424\/9df78eab33525d08d6e5fb8d27136e95\/s\/o\/soin_remodelant_silhouette_1_2.jpg\" alt=\"point rencontre yverdon-les-bains\" align=\"left\"> Louverture sur le ressenti, le vibratoire, l\u00e9nerg\u00e9tique et la psychopathologie. Durant ce si\u00e8cle, plusieurs r\u00e9alisations importantes voient par ailleurs le jour. Le b\u00e2timent qui abrite aujourdhui la est construit en 1806. Avant d\u00eatre consacr\u00e9 \u00e0 lutopie et \u00e0 la science-fiction, il accueille notamment les prisons de la ville.  En cliquant sur ce bouton vous acceptez de recevoir notre newsletter gratuite et vous pourrez vous d\u00e9sinscrire \u00e0 tout moment. Jusquau 31 d\u00e9cembre 2020 Version digitale Fr. 50-Etablissement primaire et secondaire de Lausanne-LElys\u00e9e Un bon potentiel \u00e9olien: La vitesse du vent se situe \u00e0 environ 6 m\u00e8tres par seconde en moyenne ce qui correspond \u00e0 environ 20 kmh. <img decoding=\"async\" src=\"http:\/\/www.planetehockey.com\/imagesUp\/news\/49085-1.jpg\" alt=\"point rencontre yverdon-les-bains\" align=\"center\">, pasteur, g\u00e9ologue, naturaliste 1713-1797, il fonde la biblioth\u00e8que 1761 ainsi que la soci\u00e9t\u00e9 \u00e9conomique de la ville. Canton de Vaud Lieux de rencontre parents-enfants &#8212;&#8212;&#8212;&#8212;&#8212;&#8212;&#8212;&#8212;&#8212;&#8212;&#8212;&#8212;&#8212;&#8212;&#8212;&#8212;&#8212;&#8212;&#8212;&#8212;&#8212;&#8212;&#8212;&#8212;&#8212;&#8212;-NOS PROCHAINS RENDEZ-VOUS.<\/p>\n","protected":false},"excerpt":{"rendered":"<p>point rencontre yverdon-les-bains<\/p>\n","protected":false},"author":1,"featured_media":0,"comment_status":"closed","ping_status":"closed","sticky":false,"template":"","format":"standard","meta":{"footnotes":""},"categories":[1],"tags":[],"_links":{"self":[{"href":"http:\/\/aksense.com\/info\/wp-json\/wp\/v2\/posts\/458"}],"collection":[{"href":"http:\/\/aksense.com\/info\/wp-json\/wp\/v2\/posts"}],"about":[{"href":"http:\/\/aksense.com\/info\/wp-json\/wp\/v2\/types\/post"}],"author":[{"embeddable":true,"href":"http:\/\/aksense.com\/info\/wp-json\/wp\/v2\/users\/1"}],"replies":[{"embeddable":true,"href":"http:\/\/aksense.com\/info\/wp-json\/wp\/v2\/comments?post=458"}],"version-history":[{"count":1,"href":"http:\/\/aksense.com\/info\/wp-json\/wp\/v2\/posts\/458\/revisions"}],"predecessor-version":[{"id":459,"href":"http:\/\/aksense.com\/info\/wp-json\/wp\/v2\/posts\/458\/revisions\/459"}],"wp:attachment":[{"href":"http:\/\/aksense.com\/info\/wp-json\/wp\/v2\/media?parent=458"}],"wp:term":[{"taxonomy":"category","embeddable":true,"href":"http:\/\/aksense.com\/info\/wp-json\/wp\/v2\/categories?post=458"},{"taxonomy":"post_tag","embeddable":true,"href":"http:\/\/aksense.com\/info\/wp-json\/wp\/v2\/tags?post=458"}],"curies":[{"name":"wp","href":"https:\/\/api.w.org\/{rel}","templated":true}]}}