{"id":540,"date":"2020-09-19T11:10:48","date_gmt":"2020-09-19T11:10:48","guid":{"rendered":"http:\/\/aksense.com\/info\/?p=540"},"modified":"2020-09-18T20:46:50","modified_gmt":"2020-09-18T20:46:50","slug":"centre-de-rencontre-des-entrepreneurs-geneve","status":"publish","type":"post","link":"http:\/\/aksense.com\/info\/2020\/09\/19\/centre-de-rencontre-des-entrepreneurs-geneve\/","title":{"rendered":"Centre De Rencontre Des Entrepreneurs Gen\u00e8ve"},"content":{"rendered":"<p>Immobilier : Ulive est une solution dh\u00e9bergement et danimation pour \u00e9tudiants internationaux \u00e0 Paris. Nous sommes op\u00e9rateur de nos appartements et cr\u00e9ons une exp\u00e9rience dint\u00e9gration comprenant un service dassistance \u00e0 l\u00e9tudiant, des \u00e9v\u00e9nements, animation de la communaut\u00e9, partenariats et bons plans. L\u00e9quipe recherche un.e directeur.ice op\u00e9rationnel.le associ\u00e9.e ayant une exp\u00e9rience op\u00e9rationnelle etou \u00e9v\u00e9nementiellecommunity management ou avec exp\u00e9riences similaires danimation de communaut\u00e9 et avec une app\u00e9tence particuli\u00e8re pour le monde \u00e9tudiant. Contact : uliveoutlook.fr <img decoding=\"async\" src=\"http:\/\/www.gyn-monaco.com\/wp-content\/uploads\/2017\/12\/y-delpech.png\" alt=\"centre de rencontre des entrepreneurs gen\u00e8ve\" align=\"right\"> Bourg-en-Bresse est aussi la ville Chef-lieu du d\u00e9partement de lAin. Une ville \u00e0 taille humaine qui est parfaitement connect\u00e9e \u00e0 Lyon, Paris et Gen\u00e8ve par le maillage autoroutier, le TGV et les a\u00e9roports de ses m\u00e9tropoles voisines. B i sso umi ne originated fr om th e encounter o f t wo perfu mers, two.. Cest le 21 mars dernier qua \u00e9t\u00e9 officiellement cr\u00e9\u00e9e lassociation Courant 812 lors dun d\u00eener inaugural dans les salons de lH\u00f4tel de Ville de Lyon, en pr\u00e9sence de M. Pascal Couchepin, ancien Pr\u00e9sident de la Conf\u00e9d\u00e9ration helv\u00e9tique, de M. Richard Brumm adjoint aux finances de la Ville de Lyon, et de M. Michel Faillettaz, Consul G\u00e9n\u00e9ral de Suisse \u00e0 Lyon M. Pascal Couchepin a \u00e9t\u00e9 Pr\u00e9sident de la Conf\u00e9d\u00e9ration Helv\u00e9tique en 2003 et 2008. Il dirigea successivement le D\u00e9partement f\u00e9d\u00e9ral de l\u00e9conomie de 1998 \u00e0 2002, puis, de 2003 \u00e0 2009, le D\u00e9partement f\u00e9d\u00e9ral de lint\u00e9rieur. Il a repr\u00e9sent\u00e9 la Suisse \u00e0 lOMC et a occup\u00e9 les fonctions de Gouverneur \u00e0 la Banque Mondiale et \u00e0 la Banque Europ\u00e9enne pour la reconstruction et le d\u00e9veloppement. Cet \u00e9v\u00e9nement sest d\u00e9roul\u00e9 sous la pr\u00e9sidence dhonneur de M. G\u00e9rard Collomb, S\u00e9nateur-Maire de Lyon.  Pour le d\u00e9couvrir, nous vous convions \u00e0 un \u00e9v\u00e9nement exceptionnel en pr\u00e9sence de M.Claudio Leoncavallo, Consul G\u00e9n\u00e9ral de Suisse \u00e0 Marseille et de personnalit\u00e9s scientifiques du CNRS. A noter que lune des caract\u00e9ristiques de notre Club est que un seul repr\u00e9sentant par corps de m\u00e9tier est autoris\u00e9. Les entrepreuneurs genevois ont ainsi pu d\u00e9couvrir les derni\u00e8res nouveaut\u00e9s Mercedes comme le GLE Coup\u00e9 ou la Classe S400 4MATIC autour dun cocktail ponctu\u00e9 de plusieurs discours et dune animation de magie. <img decoding=\"async\" src=\"http:\/\/www.aaqius.com\/site\/wp-content\/uploads\/2015\/03\/shibuya1.gif\" alt=\"centre de rencontre des entrepreneurs gen\u00e8ve\" align=\"center\"> H\u00fcbner and the Norwegian Minister for Regional Development.. Horaires : jeudi 1703, de 14h \u00e0 18h, vendredi 1803 et samedi 1903 de 9h30 \u00e0 18h infomampreneurs.ch Chemin Fran\u00e7ois-de-Lucinge 1, 1006 Lausanne, Suisse Lalt\u00e9rit\u00e9, comme stimulus de lintelligence situationnelle et de la recherche sans fin de lenrichissement de la strat\u00e9gie de notre entreprise par un mouvement collectif et dindividuation Lopportunit\u00e9 dune nouvelle relation au travail La semaine mondiale de lentrepreneuriat revient \u00e0 Gen\u00e8ve du 18 au 23 novembre pour une 9 \u00e8me \u00e9dition! Nous avons pr\u00e9par\u00e9 54 sessions pour d\u00e9couvrir lunivers de la cr\u00e9ation dentreprise et l\u00e9cosyst\u00e8me entrepreneurial local. VI\u00e8mes assises internationales de la m\u00e9diation judiciaire \u00e0 Nice, BBC, 20 June 2008, consult\u00e9 le 3 September 2008.  Notre m\u00e9tier, cest lassistance technique du projet  Harold Okwa est un entrepreneur nig\u00e9rian de 30 ans, fondateur de, une agence immobili\u00e8re de luxe bas\u00e9e \u00e0 Abuja. Il a \u00e9galement fond\u00e9 une entreprise qui propose un acc\u00e8s simplifi\u00e9 et abordable \u00e0 des services de transport a\u00e9rien et de navettes en h\u00e9licopt\u00e8re, au moyen dune application mobile qui connecte directement les voyageurs aux compagnies a\u00e9riennes avec des tarifs attractifs dans le monde entier, en direct. En 2013, ce nest pas moins de 40000 nouvelles entreprises qui ont \u00e9t\u00e9 cr\u00e9\u00e9es en Suisse, un v\u00e9ritable record pour le pays qui compte ainsi toujours plus dentrepreneurs. La Suisse romande, en particulier, a beaucoup contribu\u00e9 \u00e0 cet essor. Depuis quelques ann\u00e9es, les \u00e9v\u00e9nements de r\u00e9seautage ne cessent alors daugmenter pour r\u00e9pondre aux besoins de cette communaut\u00e9 croissante qui souhaite rester \u00e0 laff\u00fbt des derni\u00e8res tendances et agrandir continuellement son r\u00e9seau daffaire. Les \u00e9v\u00e9nements de r\u00e9seautage <img decoding=\"async\" src=\"http:\/\/www.honens.com\/wp-content\/uploads\/2017\/08\/Isolde-Lagace%CC%81_229x229.jpg\" alt=\"centre de rencontre des entrepreneurs gen\u00e8ve\" align=\"right\">.<\/p>\n","protected":false},"excerpt":{"rendered":"<p>centre de rencontre des entrepreneurs gen\u00e8ve<\/p>\n","protected":false},"author":1,"featured_media":0,"comment_status":"closed","ping_status":"closed","sticky":false,"template":"","format":"standard","meta":{"footnotes":""},"categories":[1],"tags":[],"_links":{"self":[{"href":"http:\/\/aksense.com\/info\/wp-json\/wp\/v2\/posts\/540"}],"collection":[{"href":"http:\/\/aksense.com\/info\/wp-json\/wp\/v2\/posts"}],"about":[{"href":"http:\/\/aksense.com\/info\/wp-json\/wp\/v2\/types\/post"}],"author":[{"embeddable":true,"href":"http:\/\/aksense.com\/info\/wp-json\/wp\/v2\/users\/1"}],"replies":[{"embeddable":true,"href":"http:\/\/aksense.com\/info\/wp-json\/wp\/v2\/comments?post=540"}],"version-history":[{"count":1,"href":"http:\/\/aksense.com\/info\/wp-json\/wp\/v2\/posts\/540\/revisions"}],"predecessor-version":[{"id":541,"href":"http:\/\/aksense.com\/info\/wp-json\/wp\/v2\/posts\/540\/revisions\/541"}],"wp:attachment":[{"href":"http:\/\/aksense.com\/info\/wp-json\/wp\/v2\/media?parent=540"}],"wp:term":[{"taxonomy":"category","embeddable":true,"href":"http:\/\/aksense.com\/info\/wp-json\/wp\/v2\/categories?post=540"},{"taxonomy":"post_tag","embeddable":true,"href":"http:\/\/aksense.com\/info\/wp-json\/wp\/v2\/tags?post=540"}],"curies":[{"name":"wp","href":"https:\/\/api.w.org\/{rel}","templated":true}]}}