{"id":572,"date":"2020-09-19T09:49:28","date_gmt":"2020-09-19T09:49:28","guid":{"rendered":"http:\/\/aksense.com\/info\/?p=572"},"modified":"2020-09-18T21:22:42","modified_gmt":"2020-09-18T21:22:42","slug":"rencontres-averroes-2012","status":"publish","type":"post","link":"http:\/\/aksense.com\/info\/2020\/09\/19\/rencontres-averroes-2012\/","title":{"rendered":"Rencontres Averroes 2012"},"content":{"rendered":"<p>Due to security risks and a lack of support for web standards this website does not support IE6. Internet Explorer 6 was released in 2001 and it does not display modern web sites properly. Please upgrade to a newer browser to fully enjoy this site and the rest of the web. After you update, please come back and you will be able to view our site. <img decoding=\"async\" src=\"http:\/\/www.tanamako.fr\/annonces\/adpics\/5a6ad4c16b3b139ebda142257.jpg\" alt=\"rencontres averroes 2012\" align=\"right\"> Festival Mima annulation de la 32\u00e8me \u00e9dition-Rendez-vous en ao\u00fbt 2021!  Films documentaires En amont du Temps Fort des Rencontres dAverro\u00e8s Inscrivez-vous pour recevoir notre lettre dinformation! Averro\u00e8s est expos\u00e9 et humili\u00e9 dans la, avant d\u00eatre forc\u00e9 de partir de sa. Il est exil\u00e9 en 1197 \u00e0, une petite ville andalouse peupl\u00e9e surtout de qui d\u00e9cline depuis que les ont interdit toute religion autre que l. Ses livres sont br\u00fbl\u00e9s et lui-m\u00eame est accus\u00e9 d, notent les sp\u00e9cialistes. Le po\u00e8te est charg\u00e9 d\u00e9crire des pour le discr\u00e9diter pendant lexil. Il \u00e9crit, sadressant \u00e0 Averro\u00e8s : Tu as \u00e9t\u00e9 tra\u00eetre \u00e0 la religion.  <img decoding=\"async\" src=\"http:\/\/www.deliver.roadhappy.com\/wp-content\/uploads\/2017\/10\/82-1.jpg\" alt=\"rencontres averroes 2012\" align=\"left\"> Ramin Jahanbegglo Je suis un musulman contre le fanatisme, contre lexclusion, contre la th\u00e9ologie politique ainsi que la vision al-qa\u00efdienne de lislam. Je trouve que la civilisation musulmane a apport\u00e9 une contribution majeure \u00e0 lhistoire humaine \u00e0 travers lhistoire de lart, larchitecture, la po\u00e9sie, le mysticisme, etc. Et il mimporte d\u00e9changer autant \u00e0 Istanbul, qu\u00e0 Amman ou dans lInde, dont il convient de se souvenir que cest le deuxi\u00e8me pays musulman au monde. Par ailleurs, je me sens tr\u00e8s proche des penseurs juifs comme Buber, Levinas et Ma\u00efmonide. En somme, le paradigme de Cordoue cest cela, cette internationalisation de lautre. Il est temps de r\u00e9activer cette exp\u00e9rience de reconnaissance et de coop\u00e9ration! La XX \u00e9dition du festival Op\u00e9ra en plein air est d\u00e9cal\u00e9e \u00e0 2021 Interrogation des interpr\u00e9tations traditionnelles. Signification de la r\u00e9v\u00e9lation et de la philosophie dans le Discours d\u00e9cisif dAverro\u00e8s. Mise en perspective de l\u0153uvre dAverro\u00e8s \u00e0 travers lanalyse du statut de la philosophie dans lislam. Unit\u00e9 de lintellect s\u00e9par\u00e9 voir fondation de la raison philosophique \u00e0 partir de la R\u00e9v\u00e9lation D\u00e9tail de la fresque d, Trionfo di San Tommaso dAquino,, 1365-1368. Naissance Thierry Fabre fondateur des Rencontres dAverro\u00e8s Photo Philippe Maill\u00e9 x Fermer la modale Donnez-nous votre avis. Que pensez-vous de cette ressource? Donnez-nous votre avis Commentaire de la Physique dAristote sur la. \u039f\u03b9\u03ba\u03bf\u03b3\u03b5\u03bd\u03b5\u03b9\u03b1\u03ba\u03cc \u0393\u03b5\u03cd\u03bc\u03b1: \u03a0\u03cc\u03c3\u03bf \u03ba\u03b1\u03bb\u03cd\u03c4\u03b5\u03c1\u03b1 \u03b5\u03af\u03bd\u03b1\u03b9 \u03bd\u03b1 \u03c4\u03c1\u03ce\u03bc\u03b5 \u03bc\u03b1\u03b6\u03af; La cit\u00e9 est-elle en danger? cest la question que posent cette ann\u00e9e les rencontres dAverroes, 19\u00e8me \u00e9dition-France 3 Provence-Alpes-C\u00f4te dAzur Sp\u00e9cialiste dAristote, r\u00e9sume le processus de cognition ainsi : lintellect actif.. A lintuition de ce qui n\u00e9tait quen puissance dans lintellect passif, in, p. 299, note 182, Averro\u00e8s ou le secr\u00e9taire du diable, Paris, Fayard, 2017, 304 p. LIslam et la Raison, Paris, Flammarion, 2000 GF. Traduction de Marc Geoffroy, introduction dAlain de Libera. Voir sur le site de PARU fermet\u00e9 face \u00e0 la mise en cause devant leurs Conseils \u03b5\u03be\u03c0\u03bf\u03c4\u03c1\u03bf\u03c6 2016 \u03b5\u03b9\u03c3\u03bf\u03b4\u03bf\u03c2 \u03c4\u03c1\u03b1\u03c0\u03b5\u03b6\u03b9\u03b1 \u03ba\u03bf\u03c5\u03b6\u03b9\u03bd\u03b1\u03c2 \u03c4\u03b9\u03bc\u03b7 \u03b1\u03b3\u03b9\u03b1 \u03b2\u03b1\u03c1\u03b2\u03b1\u03c1\u03b1 \u03bb\u03b5\u03b9\u03c8\u03b1\u03bd\u03bf \u03c0\u03b1\u03c1\u03b1\u03c4\u03b1\u03c3\u03b7 Stage de danse gwoka avec Raymonde Torin avril 2012 En ce sens, ce qui serait important dans la philosophie politique dAverro\u00e8s, ce ne serait pas ses opinions sur un pouvoir appartenant exclusivement aux philosophes th\u00e9ologiens, mais les cons\u00e9quences pratiques de ses th\u00e8ses. Cest de cette fa\u00e7on que le philosophe allemand et marxisant Ernst Bloch, lit la philosophie dAverro\u00e8s. Pour lui, la principale th\u00e8se qui fait dAverro\u00e8s un r\u00e9volutionnaire est lid\u00e9e que la contient en elle-m\u00eame tous les et se suffirait \u00e0 elle-m\u00eame. Averro\u00e8s \u00e9crit en effet que dans le processus de ladvenir est pr\u00e9sente une potentialit\u00e9 sans commencement, en tant que substrat des formes d\u00eatre contraires qui se succ\u00e8dent en lui. Cette th\u00e8se, h\u00e9rit\u00e9e d, fut reprise selon Bloch par, puis par Averro\u00e8s lui-m\u00eame, et aurait influenc\u00e9 ensuite et. Si la mati\u00e8re est d\u00e9finie par les possibles qui tendent \u00e0 sautoformer, cela remet en cause lid\u00e9e de transcendance divine qui serait, selon Bloch, le fondement de lid\u00e9ologie conservatrice de lordre \u00e9tabli. La mati\u00e8re naurait pas besoin d\u00eatre form\u00e9e ou d\u00e9termin\u00e9e de lext\u00e9rieur, elle ne serait pas m\u00eame cr\u00e9\u00e9e. Bloch \u00e9crit : ainsi il ny a pour la mati\u00e8re ni la possibilit\u00e9 ni le besoin dune cr\u00e9ation. Les incertitudes sur laccueil des artistes \u00e9trangers et sur les conditions des concerts in situ nous ont contraints dannuler avec regret l\u00e9dition d\u00e9t\u00e9 du 23\u00e8me festival Vochora. Motiv\u00e9s par la n\u00e9cessit\u00e9 de relancer la vie culturelle et artistique dans nos territoires, et de retrouver au plus t\u00f4t le plaisir du spectacle vivant, lassociation Vochora travaille au report du festival du 17 au 31 octobre, pendant les vacances de la Toussaint. Champ de saisie de la recherche : saisissez les premi\u00e8res lettres de votre recherche et parcourez les propositions avec les fl\u00e8ches de direction <img decoding=\"async\" src=\"http:\/\/www.jenbenna.com\/wp-content\/uploads\/2015\/10\/IMG_1761.jpg\" alt=\"rencontres averroes 2012\" align=\"left\"> .<\/p>\n","protected":false},"excerpt":{"rendered":"<p>rencontres averroes 2012<\/p>\n","protected":false},"author":1,"featured_media":0,"comment_status":"closed","ping_status":"closed","sticky":false,"template":"","format":"standard","meta":{"footnotes":""},"categories":[1],"tags":[],"_links":{"self":[{"href":"http:\/\/aksense.com\/info\/wp-json\/wp\/v2\/posts\/572"}],"collection":[{"href":"http:\/\/aksense.com\/info\/wp-json\/wp\/v2\/posts"}],"about":[{"href":"http:\/\/aksense.com\/info\/wp-json\/wp\/v2\/types\/post"}],"author":[{"embeddable":true,"href":"http:\/\/aksense.com\/info\/wp-json\/wp\/v2\/users\/1"}],"replies":[{"embeddable":true,"href":"http:\/\/aksense.com\/info\/wp-json\/wp\/v2\/comments?post=572"}],"version-history":[{"count":1,"href":"http:\/\/aksense.com\/info\/wp-json\/wp\/v2\/posts\/572\/revisions"}],"predecessor-version":[{"id":573,"href":"http:\/\/aksense.com\/info\/wp-json\/wp\/v2\/posts\/572\/revisions\/573"}],"wp:attachment":[{"href":"http:\/\/aksense.com\/info\/wp-json\/wp\/v2\/media?parent=572"}],"wp:term":[{"taxonomy":"category","embeddable":true,"href":"http:\/\/aksense.com\/info\/wp-json\/wp\/v2\/categories?post=572"},{"taxonomy":"post_tag","embeddable":true,"href":"http:\/\/aksense.com\/info\/wp-json\/wp\/v2\/tags?post=572"}],"curies":[{"name":"wp","href":"https:\/\/api.w.org\/{rel}","templated":true}]}}