{"id":720,"date":"2020-09-19T02:13:57","date_gmt":"2020-09-19T02:13:57","guid":{"rendered":"http:\/\/aksense.com\/info\/?p=720"},"modified":"2020-09-19T01:40:48","modified_gmt":"2020-09-19T01:40:48","slug":"rencontres-transports-en-commun","status":"publish","type":"post","link":"http:\/\/aksense.com\/info\/2020\/09\/19\/rencontres-transports-en-commun\/","title":{"rendered":"Rencontres Transports En Commun"},"content":{"rendered":"<p>Qualit\u00e9 : denses, fr\u00e9quents, rapides, gratuits, d\u00e9finis par et pour les D\u00e9confinement : Reprise des transports r\u00e9gionaux-Ma R\u00e9gion Sud La Rencontre-d\u00e9bat, organis\u00e9e par Micha\u00ebl Delafosse, dans le cadre de sa campagne La Gauche qui nous rassemble! portera sur sa premi\u00e8re proposition, la gratuit\u00e9 des transports en commun pour les habitants de Montpellier M\u00e9diterran\u00e9e M\u00e9tropole. <img decoding=\"async\" src=\"http:\/\/www.decines.fr\/uploads\/Image\/44\/5712_194_visuel-cine.jpg\" alt=\"rencontres transports en commun\" align=\"left\"> -d\u00e9placements r\u00e9sultant dune convocation \u00e9manant dune juridiction administrative ou de lautorit\u00e9 judiciaire ;  Il ne se fait plus rien dans le domaine ferroviaire sil ny a pas une participation forte des collectivit\u00e9s locales, ce qui est quand m\u00eame lun des probl\u00e8mes. Et jimagine que cest aussi votre probl\u00e8me \u00e0 Rouen. Depuis le 19 d\u00e9cembre 2019, un premier minibus \u00e9lectrique circule dans le centre-ville. Deux autres v\u00e9hicules viendront compl\u00e9ter la flotte en mars 2020. Ces nouvelles navettes desserviront les deux circuits du centre-ville, de la Br\u00e8che aux Halles en passant par les Ponts Main et la colline Saint-Andr\u00e9. Enqu\u00eate r\u00e9alis\u00e9e par linstitut Elabe du 5 au 9 d\u00e9cembre 2016 aupr\u00e8s dun \u00e9chantillon de 1003 personnes, repr\u00e9sentatif de la population fran\u00e7aise \u00e2g\u00e9e de 18 ans et plus, interrog\u00e9 par Internet. Le r\u00e9seau Tan circule jusqu\u00e0 00:30 du lundi au dimanche. Baraket Nizar ; conseiller municipal \u00e0 Fontaine 38 adh\u00e9rent PCF En Italie, entre le 20 f\u00e9vrier et le 31 mars, 12.428 personnes sont officiellement mortes du Covid-19. Mais sur la m\u00eame p\u00e9riode, les autorit\u00e9s ont constat\u00e9 25.354 d\u00e9c\u00e8s de plus que la moyenne des cinq ann\u00e9es pr\u00e9c\u00e9dentes. Ces 12.900 d\u00e9c\u00e8s inexpliqu\u00e9s sont-ils les morts invisibles du Covid? Retrouver une personne crois\u00e9e dans le train-Meilleures r\u00e9ponses D\u00e9couvrez comment Statista peut aider votre entreprise. Fixer un w\u00e9binaire vous permet de faire de nouvelles rencontres, amicales et sentimentales dans les transports. Nous avons interrog\u00e9, Mickael Morelli, fondateur de Catch Me, pour en savoir un peu plus sur le concept et lexp\u00e9rience utilisateur de son appli. Pouvez-vous nous pr\u00e9senter le concept de votre app et son b\u00e9n\u00e9fice utilisateur? Ce m\u00e9tier vous int\u00e9resse mais vous voulez valider ce choix avec un professionnel? Utilisez et un conseiller r\u00e9pondra \u00e0 toutes vos interrogations. <img decoding=\"async\" src=\"http:\/\/www.securite-routiere.gouv.fr\/var\/rout\/storage\/images\/la-securite-routiere\/actualites\/en-saone-et-loire-emmanuel-barbe-rencontre-les-membres-du-pole-de-competence-securite-routiere-a-la-prefecture-de-macon\/339607-1-fre-FR\/en-saone-et-loire-emmanuel-barbe-rencontre-les-membres-du-pole-de-competence-securite-routiere-a-la-prefecture-de-macon_reference.jpg\" alt=\"rencontres transports en commun\" align=\"right\"> Collectif pour la Gratuit\u00e9 des Transports Publics de lAgglom\u00e9ration Grenobloise Lagence durbanisme de Rouen et des boucles de Seine et Eure est une association loi de 1901 cr\u00e9\u00e9e le 15 juin 2009 par lassembl\u00e9e g\u00e9n\u00e9rale constitutive. Du lundi au vendredi de 8h \u00e0 19h et le samedi de 8h \u00e0 12h30 au 09 69 39 40 44 ou via le. D\u00e9cid\u00e9 de tenir cette coordination nationale \u00e0 Ch\u00e2teauroux et de lancer  Saviez-vous que le bus est lun des moyens de transport le plus \u00e9cologique? De nos jours, face \u00e0 l\u00e9tat alarmant dans lequel se trouve notre ch\u00e8re plan\u00e8te, nous sommes nombreux \u00e0 nous soucier de lenvironnement et \u00e0 vouloir le pr\u00e9server. Le r\u00e9chauffement climatique, la mort des ours polaires, la mont\u00e9e des oc\u00e9ans \u00e0 cause de la fonte des glaces, vous font h\u00e9risser le poil? Oubliez votre voiture et prenez le bus! Pour information, les \u00e9missions de monoxyde de carbone, nocif pour la plan\u00e8te, proviennent en majorit\u00e9 des v\u00e9hicules des particuliers, \u00e0 hauteur de 55 Retrouvez les faits marquants de votre territoire. <img decoding=\"async\" src=\"http:\/\/www.objectifvacances.fr\/sites\/default\/files\/capture_decran_2017-01-26_a_12.10.35.png\" alt=\"rencontres transports en commun\" align=\"center\">.<\/p>\n","protected":false},"excerpt":{"rendered":"<p>rencontres transports en commun<\/p>\n","protected":false},"author":1,"featured_media":0,"comment_status":"closed","ping_status":"closed","sticky":false,"template":"","format":"standard","meta":{"footnotes":""},"categories":[1],"tags":[],"_links":{"self":[{"href":"http:\/\/aksense.com\/info\/wp-json\/wp\/v2\/posts\/720"}],"collection":[{"href":"http:\/\/aksense.com\/info\/wp-json\/wp\/v2\/posts"}],"about":[{"href":"http:\/\/aksense.com\/info\/wp-json\/wp\/v2\/types\/post"}],"author":[{"embeddable":true,"href":"http:\/\/aksense.com\/info\/wp-json\/wp\/v2\/users\/1"}],"replies":[{"embeddable":true,"href":"http:\/\/aksense.com\/info\/wp-json\/wp\/v2\/comments?post=720"}],"version-history":[{"count":1,"href":"http:\/\/aksense.com\/info\/wp-json\/wp\/v2\/posts\/720\/revisions"}],"predecessor-version":[{"id":721,"href":"http:\/\/aksense.com\/info\/wp-json\/wp\/v2\/posts\/720\/revisions\/721"}],"wp:attachment":[{"href":"http:\/\/aksense.com\/info\/wp-json\/wp\/v2\/media?parent=720"}],"wp:term":[{"taxonomy":"category","embeddable":true,"href":"http:\/\/aksense.com\/info\/wp-json\/wp\/v2\/categories?post=720"},{"taxonomy":"post_tag","embeddable":true,"href":"http:\/\/aksense.com\/info\/wp-json\/wp\/v2\/tags?post=720"}],"curies":[{"name":"wp","href":"https:\/\/api.w.org\/{rel}","templated":true}]}}