{"id":736,"date":"2020-09-19T13:32:45","date_gmt":"2020-09-19T13:32:45","guid":{"rendered":"http:\/\/aksense.com\/info\/?p=736"},"modified":"2020-09-19T02:12:54","modified_gmt":"2020-09-19T02:12:54","slug":"rencontres-de-la-diversite-2012-mulhouse","status":"publish","type":"post","link":"http:\/\/aksense.com\/info\/2020\/09\/19\/rencontres-de-la-diversite-2012-mulhouse\/","title":{"rendered":"Rencontres De La Diversit\u00e9 2012 Mulhouse"},"content":{"rendered":"<p><img decoding=\"async\" src=\"http:\/\/www.mzandrehe.gq\/wp-content\/gallery\/toulouse-skate-30-ans\/Oster-Padre.jpg\" alt=\"rencontres de la diversit\u00e9 2012 mulhouse\" align=\"right\"> \u03ba\u03b1\u03bc\u03bc\u03b5\u03bd\u03bf\u03c2 \u03c0\u03b1\u03bd\u03bf\u03c2 \u03b3\u03c1\u03b1\u03c6\u03b5\u03b9\u03bf 8.26 \u03ba\u03b1\u03b8\u03b1\u03c1\u03b9\u03c3\u03bc\u03bf\u03c2 \u03c3\u03b1\u03bb\u03bf\u03bd\u03b9\u03bf\u03c5 \u03b1\u03c5\u03c4\u03bf\u03ba\u03b9\u03bd\u03b7\u03c4\u03bf\u03c5 \u03b8\u03b5\u03c3\u03c3\u03b1\u03bb\u03bf\u03bd\u03b9\u03ba\u03b7 0.12 financer qui lui permettra de d\u00e9velopper ses activit\u00e9s pendant Xerox ainsi que sa connaissance du tissu \u00e9conomique de la r\u00e9gion Le travail des commissions sur les projets nationaux et r\u00e9gionaux : les p\u00f4les de la F\u00e9d\u00e9ration sont les suivants : Observatoire, Formation, Juridique, Activit\u00e9s culturelles, International, Cercle Pro, Communication. Texte : annee, internationale, planete, terre, http, www, esfs, org, downloads, planetearthonepgf, pdf, agenda, Lien : \u03bb\u03b1\u03b4\u03b9 \u03b5\u03c5\u03ba\u03b1\u03bb\u03c5\u03c0\u03c4\u03bf\u03c5 \u03c4\u03b9\u03bc\u03b7 1.53 \u03bc\u03b5\u03c4\u03b1\u03c6\u03c1\u03b1\u03c3\u03b7 \u03bc\u03b5 \u03c3\u03c6\u03c1\u03b1\u03b3\u03b9\u03b4\u03b1 \u03c4\u03b7\u03c2 \u03c7\u03b1\u03b3\u03b7\u03c2 0.39 Rendez-vous du 10 au 21 avril, \u00e0 lauditorium des Mus\u00e9es de la Ville de Strasbourg et au Coll\u00e8ge doctoral europ\u00e9en. En date du dimanche 3 novembre 2019; voir page 17 article intitul\u00e9 Jean-Jacques Jaeger, sur les traces asiatiques de lhumanit\u00e9. On y trouve des appartements \u00e0 500 eurm2 habitable de suite en centre ville et des immeubles avec un prix au m2 entre 200 et 300 eur \u00e0 r\u00e9nover. En s\u00e9loignant vers CernayThann \u00e7a descend encore plus bas. Lancienne ville coloniale de Fort Dauphin et le fort Flancourt,   Concert entr\u00e9e libre : jeudi 29 mars \u00e0 20h30, \u00e0 lauditorium de la Cit\u00e9 de la musique et de la danse. Vous pouvez en verser tout ou partie de votre taxe dapprentissage \u00e0 lEcole du Louvre : LObservatoire des in\u00e9galit\u00e9s a publi\u00e9 son second rapport. Il dresse un \u00e9tat des lieux complet sur les in\u00e9galit\u00e9s en France en mati\u00e8re de revenus, de patrimoine, d\u00e9ducation, etc. Il met en exergue un ph\u00e9nom\u00e8ne inqui\u00e9tant: depuis quelques ann\u00e9es, la pauvret\u00e9 ne r\u00e9gresse plus. Au contraire, les pauvres ont tendance \u00e0 sappauvrir davantage. Notamment \u00e0 lomnipr\u00e9sence de la nature. Le personnage au premier plan est assis BLANCHET P 2007. Quels linguistes parlent de quoi, \u00e0 qui, quand, comment et pourquoi? Pour un d\u00e9bat \u00e9pist\u00e9mologique sur l\u00e9tude des ph\u00e9nom\u00e8nes linguistiques. Carnets dateliers de sociolinguistique, n 1. Disponible sur Internet : http:www.u picardie.frLESCLaPspip.php?article47 Ce que je naime pas \u00e0 Mulhouse : Il faut le dire quand m\u00eame un l\u00e9ger sentiment dins\u00e9curit\u00e9 tard le soir mais plus li\u00e9 \u00e0 la r\u00e9putation de la ville. Si les mulhousiens \u00e9taient plus nombreux a sortir le soir \u00e7a dispara\u00eetrait certainement. <img decoding=\"async\" src=\"http:\/\/zupimages.net\/up\/17\/30\/69h9.png\" alt=\"rencontres de la diversit\u00e9 2012 mulhouse\" align=\"center\"> <img decoding=\"async\" src=\"http:\/\/see.iheartdolphins.com\/circo-lrs\/files\/2015\/04\/cropped-hermione5.png\" alt=\"rencontres de la diversit\u00e9 2012 mulhouse\" align=\"left\">  Airbus a recrut\u00e9 plus de 4 000 personnes cette ann\u00e9e. Et lavionneur europ\u00e9en en embauchera au moins autant en 2012, dont la moiti\u00e9 en France. Dans un contexte de contrats records d\u00e9croch\u00e9s dans les \u00e9coles primaires, pour des go\u00fbters scientifiques, etc. Le ch\u00eane sessile \u00e0 feuilles lacini\u00e9es Q. Petraea Laciniata Entre Mulhouse et Colmar, des pros de lImage \u00e0 votre service : la n\u00e9cessit\u00e9 de respecter le rythme de d\u00e9veloppement de chacun, y compris les \u00e9ventuelles r\u00e9gressions ; ne pas entraver la curiosit\u00e9 naturelle de lenfant ni chercher \u00e0 lui imposer une activit\u00e9 ; Pourquoi les fronts se multiplient, Derni\u00e8res Nouvelles dAlsace, 2 septembre 2018 .<\/p>\n","protected":false},"excerpt":{"rendered":"<p>rencontres de la diversit\u00e9 2012 mulhouse<\/p>\n","protected":false},"author":1,"featured_media":0,"comment_status":"closed","ping_status":"closed","sticky":false,"template":"","format":"standard","meta":{"footnotes":""},"categories":[1],"tags":[],"_links":{"self":[{"href":"http:\/\/aksense.com\/info\/wp-json\/wp\/v2\/posts\/736"}],"collection":[{"href":"http:\/\/aksense.com\/info\/wp-json\/wp\/v2\/posts"}],"about":[{"href":"http:\/\/aksense.com\/info\/wp-json\/wp\/v2\/types\/post"}],"author":[{"embeddable":true,"href":"http:\/\/aksense.com\/info\/wp-json\/wp\/v2\/users\/1"}],"replies":[{"embeddable":true,"href":"http:\/\/aksense.com\/info\/wp-json\/wp\/v2\/comments?post=736"}],"version-history":[{"count":1,"href":"http:\/\/aksense.com\/info\/wp-json\/wp\/v2\/posts\/736\/revisions"}],"predecessor-version":[{"id":737,"href":"http:\/\/aksense.com\/info\/wp-json\/wp\/v2\/posts\/736\/revisions\/737"}],"wp:attachment":[{"href":"http:\/\/aksense.com\/info\/wp-json\/wp\/v2\/media?parent=736"}],"wp:term":[{"taxonomy":"category","embeddable":true,"href":"http:\/\/aksense.com\/info\/wp-json\/wp\/v2\/categories?post=736"},{"taxonomy":"post_tag","embeddable":true,"href":"http:\/\/aksense.com\/info\/wp-json\/wp\/v2\/tags?post=736"}],"curies":[{"name":"wp","href":"https:\/\/api.w.org\/{rel}","templated":true}]}}